{"provider_url": "https://www.palmeira.pr.leg.br", "title": "Vila Rosa sedia 5\u00aa sess\u00e3o ordin\u00e1ria de 2026", "html": "<p>A C\u00e2mara Municipal de C\u00e2mara Municipal de Palmeira realizou, no dia 3 de mar\u00e7o de 2026, a 5\u00aa sess\u00e3o ordin\u00e1ria do ano \u2014 a primeira sess\u00e3o itinerante de 2026. O encontro aconteceu no sal\u00e3o da igreja cat\u00f3lica da Vila Rosa e contou com participa\u00e7\u00e3o popular.</p>\r\n<p>As sess\u00f5es itinerantes foram retomadas em 2025 por iniciativa do vereador e atual presidente Diego Zanetti, com o objetivo de aproximar o Legislativo da popula\u00e7\u00e3o, levando os trabalhos da C\u00e2mara at\u00e9 os bairros da cidade e comunidades do interior.</p>\r\n<p><b>Requerimentos aprovados</b></p>\r\n<p>Em discuss\u00e3o \u00fanica, foram aprovados os requerimentos n\u00ba 09 ao n\u00ba 12/2026.</p>\r\n<p>O vereador Vane solicitou estudo t\u00e9cnico para implanta\u00e7\u00e3o de ilumina\u00e7\u00e3o p\u00fablica no trecho urbano da PR-151, entre os quil\u00f4metros 383 e 384, do cruzamento com a BR-277 at\u00e9 o Loteamento Jardim das Palmeiras.</p>\r\n<p>A vereadora Fab\u00edola apresentou requerimento para viabilizar transporte aos alunos do projeto Lutando Pelo Bem, que participar\u00e3o da 2\u00aa etapa do Campeonato Paranaense de Jiu-Jitsu, promovido pela Federa\u00e7\u00e3o de Jiu-Jitsu do Paran\u00e1. Tamb\u00e9m solicitou informa\u00e7\u00f5es sobre a disponibiliza\u00e7\u00e3o do m\u00e9todo contraceptivo subd\u00e9rmico hormonal (Implanon/Etonogestrel) pelo SUS no munic\u00edpio.</p>\r\n<p>A Comiss\u00e3o de Constitui\u00e7\u00e3o, Legisla\u00e7\u00e3o, Justi\u00e7a e Reda\u00e7\u00e3o pediu prazo de 30 dias para an\u00e1lise dos Projetos de Lei n\u00ba 6715, 6718 e 6719/2026.</p>\r\n<p><b>Indica\u00e7\u00f5es voltadas a infraestrutura</b></p>\r\n<p>Foram aprovadas em bloco as indica\u00e7\u00f5es n\u00ba 21 a 28/2026, contemplando pedidos de patrolamento e cascalhamento em comunidades como Monte Alegre, Santa B\u00e1rbara, Faxinal dos Silva e Pinheiral de Baixo, al\u00e9m de opera\u00e7\u00e3o tapa-buracos, limpeza de valetas, instala\u00e7\u00e3o de ilumina\u00e7\u00e3o p\u00fablica e melhorias estruturais na farm\u00e1cia municipal.</p>\r\n<p><b>Projetos aprovados</b></p>\r\n<p>Em 2\u00aa discuss\u00e3o, os vereadores aprovaram o Projeto de Lei n\u00ba 6601/2025, que institui o programa \u201cAluno Exemplo do Ano\u201d no munic\u00edpio.</p>\r\n<p>Tamb\u00e9m foram aprovados diversos projetos autorizando abertura de cr\u00e9ditos adicionais suplementares e especiais para secretarias como Sa\u00fade, Agricultura, Cultura, Meio Ambiente, Turismo, Planejamento, Obras e Finan\u00e7as.</p>\r\n<p>Em 1\u00aa discuss\u00e3o, avan\u00e7aram projetos que destinam recursos principalmente \u00e0s \u00e1reas de Agricultura e Meio Ambiente, al\u00e9m de proposta que declara de utilidade p\u00fablica a Associa\u00e7\u00e3o Clube de Desbravadores e Aventureiros Sul e projeto que altera legisla\u00e7\u00e3o do Conselho Municipal de Assist\u00eancia Social.</p>\r\n<p>Tamb\u00e9m avan\u00e7ou o Projeto de Resolu\u00e7\u00e3o n\u00ba 191/2026, que concede homenagem na Galeria Lil\u00e1s ao Grupo de Mulheres do Coletivo Triunfo.</p>\r\n<p><b>Uso da tribuna e participa\u00e7\u00e3o popular</b></p>\r\n<p>Durante o uso da tribuna, o vereador Vane destacou investimentos na Vila Rosa, como a reforma e amplia\u00e7\u00e3o da Escola Gabriel Prestes, melhorias no CMEI Recanto dos Pequeninos e a instala\u00e7\u00e3o de ar-condicionado nas salas de aula. Anunciou ainda que 80% das ruas do bairro dever\u00e3o receber recapeamento neste ano.</p>\r\n<p>O morador Heliton Signori Dubinski utilizou a palavra para apresentar demandas da comunidade, entre elas melhorias na seguran\u00e7a do embarque escolar, limpeza e ilumina\u00e7\u00e3o de terrenos, cal\u00e7adas na igreja, revitaliza\u00e7\u00e3o do parquinho, amplia\u00e7\u00e3o do posto de sa\u00fade e conten\u00e7\u00e3o de eros\u00e3o.</p>\r\n<p>Nos pronunciamentos, o vereador Vane defendeu a constru\u00e7\u00e3o do Complexo do Idoso, pr\u00f3ximo \u00e0 prefeitura, com investimento estimado em quase R$ 6 milh\u00f5es, destacando a import\u00e2ncia do espa\u00e7o para os mais de 7 mil idosos do munic\u00edpio. Tamb\u00e9m mencionou emenda parlamentar de R$ 400 mil destinada pela deputada Leandre Dalponte.</p>\r\n<p>O vereador Sargento Gaio abordou o envio de substitutivo ao projeto do subs\u00eddio do magist\u00e9rio, refor\u00e7ou a necessidade de medidas de seguran\u00e7a no entorno da escola Gabriel Prestes e incentivou den\u00fancias an\u00f4nimas pelo 181.</p>\r\n<p>A vereadora Fab\u00edola cobrou provid\u00eancias quanto \u00e0 limpeza de terrenos baldios, destacou avan\u00e7os na reforma do posto de sa\u00fade da Vila Rosa e informou articula\u00e7\u00e3o para constru\u00e7\u00e3o de nova creche no bairro.</p>\r\n<p><b>Fala do presidente</b></p>\r\n<p>Ao final, o presidente Diego Zanetti agradeceu a presen\u00e7a da comunidade e destacou que levar as sess\u00f5es aos bairros representa um marco para o munic\u00edpio. Ele refor\u00e7ou o compromisso de manter os encontros itinerantes e defendeu a uni\u00e3o dos nove vereadores para encaminhar com mais for\u00e7a as demandas apresentadas pela popula\u00e7\u00e3o ao Executivo.</p>", "author_name": "", "version": "1.0", "author_url": "https://www.palmeira.pr.leg.br/author/igorgavioli", "provider_name": "C\u00e2mara Municipal de Palmeira", "type": "rich"}