{"provider_url": "https://www.palmeira.pr.leg.br", "title": "Vereadores jovens passam por minicurso preparat\u00f3rio", "html": "<p><span>Na quinta-feira (20), a C\u00e2mara Municipal de Palmeira ministrou um </span><b>minicurso preparat\u00f3rio</b><span> voltado aos vereadores jovens eleitos para a legislatura de 2025 do </span><b>Parlamento Jovem</b><span>. O objetivo foi proporcionar conhecimento sobre as fun\u00e7\u00f5es legislativas, aprimorar a compreens\u00e3o das normas do Regimento Interno do programa e preparar os participantes para desempenharem seu papel com responsabilidade e efic\u00e1cia.</span></p>\r\n<p>Durante a qualifica\u00e7\u00e3o, a procuradora jur\u00eddica da C\u00e2mara Municipal, <b>Anna Carolina Topanotti</b>, falou sobre a organiza\u00e7\u00e3o dos tr\u00eas poderes e apresentou no\u00e7\u00f5es fundamentais sobre o Regimento Interno, esclarecendo a estrutura e o funcionamento do processo legislativo.</p>\r\n<p>Na sequ\u00eancia, o coordenador do Parlamento Jovem, <b>Lucas Mateus</b>, conduziu a instru\u00e7\u00e3o sobre as principais atribui\u00e7\u00f5es dos vereadores jovens, destacando as fun\u00e7\u00f5es legislativas, de assessoramento e de fiscaliza\u00e7\u00e3o que exercem dentro do programa.</p>\r\n<p>\u201cO minicurso \u00e9 um passo essencial para garantir que os vereadores jovens compreendam seu papel e estejam preparados para atuar de maneira consciente e respons\u00e1vel\u201d, explicou Lucas.</p>\r\n<p>Para o coordenador, o Parlamento Jovem \u00e9 uma experi\u00eancia enriquecedora.\u00a0<span>\u201cFortalece a cidadania e aproxima a juventude dos processos democr\u00e1ticos, formando lideran\u00e7as comprometidas com o desenvolvimento da nossa cidade\u201d, concluiu.</span></p>\r\n<p>Tamb\u00e9m foram apresentadas orienta\u00e7\u00f5es sobre a elabora\u00e7\u00e3o de proposi\u00e7\u00f5es legislativas que ser\u00e3o utilizadas ao longo da legislatura e refor\u00e7adas as regras estabelecidas no Regimento Interno.</p>\r\n<p>Ap\u00f3s esse momento de aprendizado, os vereadores jovens iniciam sua jornada legislativa mais preparados para exercer suas fun\u00e7\u00f5es, contribuindo ativamente para o fortalecimento da participa\u00e7\u00e3o pol\u00edtica da juventude no munic\u00edpio.</p>\r\n<p><b>Atua\u00e7\u00e3o</b><br /> As reuni\u00f5es das comiss\u00f5es acontecer\u00e3o sempre na <b>\u00faltima ter\u00e7a-feira do m\u00eas</b>, e as sess\u00f5es ordin\u00e1rias ser\u00e3o realizadas na <b>\u00faltima quinta-feira do m\u00eas</b>, ambas \u00e0s <b>13h30</b>. <a class=\"external-link\" href=\"https://www.diariomunicipal.com.br/amp/compartilhe/4F169C6D\" target=\"_self\" title=\"\">Confira o calend\u00e1rio de atividades aqui</a>.</p>\r\n<p>\u00a0</p>", "author_name": "assessoria-parlamentar", "version": "1.0", "author_url": "https://www.palmeira.pr.leg.br/author/assessoria-parlamentar", "provider_name": "C\u00e2mara Municipal de Palmeira", "type": "rich"}