{"provider_url": "https://www.palmeira.pr.leg.br", "title": "Sess\u00e3o Itinerante em Pinheiral de Baixo acontece hoje", "html": "<p>A C\u00e2mara Municipal de Palmeira convida a comunidade para participar da <b>primeira Sess\u00e3o Itinerante</b> da atual legislatura, que acontece <b>hoje, dia 25 de mar\u00e7o</b>, \u00e0s <b>19h</b>, no <b>barrac\u00e3o da igreja de Pinheiral de Baixo</b>.</p>\r\n<p>O presidente da C\u00e2mara, <b>Diego Zanetti</b>, refor\u00e7a o convite especialmente aos moradores da regi\u00e3o. \u201cEssa \u00e9 uma excelente oportunidade para acompanhar de perto o trabalho dos vereadores e apresentar as demandas da sua comunidade\u201d, destacou.</p>\r\n<p>Para Zanetti, o objetivo \u00e9 aproximar o Legislativo da popula\u00e7\u00e3o, garantindo mais participa\u00e7\u00e3o e di\u00e1logo.</p>\r\n<p>Al\u00e9m dos parlamentares,<b>representantes de entidades e cidad\u00e3os\u00a0</b>poder\u00e3o se manifestar durante a sess\u00e3o. A presen\u00e7a dos mun\u00edcipes \u00e9 fundamental para fortalecer e contribuir com o desenvolvimento do munic\u00edpio.</p>", "author_name": "assessoria-parlamentar", "version": "1.0", "author_url": "https://www.palmeira.pr.leg.br/author/assessoria-parlamentar", "provider_name": "C\u00e2mara Municipal de Palmeira", "type": "rich"}