{"provider_url": "https://www.palmeira.pr.leg.br", "title": "RESULTADO OFICIAL DO 2\u00ba TURNO DO PROGRAMA PARLAMENTO JOVEM 2026", "html": "<p>A C\u00e2mara Municipal de Palmeira realizou na tarde desta quinta-feira (12/03), o segundo turno das elei\u00e7\u00f5es do Programa\u00a0Parlamento\u00a0Jovem\u00a02026, sendo essa a d\u00e9cima segunda edi\u00e7\u00e3o.</p>\r\n<p><b>RESULTADO\u00a0OFICIAL\u00a0\u00a0</b></p>\r\n<p><b>1\u00ba\u00a0</b>Nicolli Mol \u2013 Escola Estadual do Campo Fl\u00e1vio Santos (9,500)</p>\r\n<p><b>2\u00ba\u00a0</b>Byanca Kapp Bohenkem \u2013 Col\u00e9gio Realeza (9,444)</p>\r\n<p><b>3\u00ba\u00a0</b>Andr\u00e9 Tauffer dos Santos \u2013 Col\u00e9gio Estadual do Campo de Pinheiral de Baixo (9,433)</p>\r\n<p><b>4\u00ba\u00a0</b>Eloise de Oliveira Levandoski \u2013 Col\u00e9gio Estadual Coronel David Carneiro (9,367)</p>\r\n<p><b>5\u00ba\u00a0</b>Amanda Iantas de Fran\u00e7a \u2013 Col\u00e9gio Estadual do Campo Henrique Stadler (9,350)</p>\r\n<p><b>6\u00ba\u00a0</b>Adriano Leonardo Kordel Vriesman \u2013 Centro Estadual de Educa\u00e7\u00e3o Profissional Agr\u00edcola Get\u00falio Vargas (9,217)</p>\r\n<p><b>7\u00ba\u00a0</b>Emilly Vit\u00f3ria Viante \u2013 Col\u00e9gio Estadual C\u00edvico Militar S\u00e3o Judas Tadeu (9, 206)</p>\r\n<p><b>8\u00ba\u00a0</b>St\u00e9fany Carla Kostrzevicz \u2013 Col\u00e9gio Sagrada Fam\u00edlia (8,956)</p>\r\n<p><b>9\u00ba\u00a0</b>Vit\u00f3ria Fernandes Ribeiro Machado de Melo \u2013 Col\u00e9gio Estadual Dom Alberto Gon\u00e7alves (8,894)</p>\r\n<p>Os demais candidatos ficaram como suplentes e assumir\u00e3o caso algum dos eleitos desista ou descumpra o regulamento do Programa. \u00a0</p>\r\n<p><b>SUPLENTES POR ORDEM ALFAB\u00c9TICA</b></p>\r\n<table>\r\n<tbody>\r\n<tr>\r\n<td>\r\n<p>Anna Carolina Pauls Muller \u2013 Col\u00e9gio Estadual do Campo Fritz Kliewer</p>\r\n</td>\r\n</tr>\r\n<tr>\r\n<td>\r\n<p>\u00a0Alany Ripka \u2013 Escola Estadual do Campo Bom Jesus do Monte</p>\r\n</td>\r\n</tr>\r\n<tr>\r\n<td>\r\n<p>Jeandra Grabrieli de Lima \u2013 Escola Estadual do Campo de Quero-Quero</p>\r\n</td>\r\n</tr>\r\n<tr>\r\n<td>\r\n<p>Ruan Henrique de Souza Ribeiro \u2013 Escola Estadual do Campo Professor Leonardo Salata</p>\r\n</td>\r\n</tr>\r\n<tr>\r\n<td>\r\n<p>Vit\u00f3ria Robes \u2013 Escola Estadual do Campo de Guarauninha</p>\r\n</td>\r\n</tr>\r\n</tbody>\r\n</table>\r\n<p><b>A Posse ocorrer\u00e1 em Sess\u00e3o Solene no dia 17/03/2026, \u00e0s 13h30, no Plen\u00e1rio da C\u00e2mara Municipal de Palmeira.\u00a0</b></p>", "author_name": "", "version": "1.0", "author_url": "https://www.palmeira.pr.leg.br/author/igorgavioli", "provider_name": "C\u00e2mara Municipal de Palmeira", "type": "rich"}