{"provider_url": "https://www.palmeira.pr.leg.br", "title": "Pr\u00f3xima Sess\u00e3o da C\u00e2mara ser\u00e1 Itinerante em Pinheiral de Baixo", "html": "<p data-start=\"0\" data-end=\"68\"><span>A C\u00e2mara Municipal de Palmeira realizar\u00e1 sua </span><strong data-start=\"115\" data-end=\"145\">primeira Sess\u00e3o Itinerante</strong><span> da atual legislatura no dia </span><strong data-start=\"174\" data-end=\"189\">25 de mar\u00e7o</strong><span>, \u00e0s </span><strong data-start=\"194\" data-end=\"201\">19h</strong><span>, no </span><strong data-start=\"206\" data-end=\"264\">barrac\u00e3o da igreja da comunidade de Pinheiral de Baixo</strong><span>.</span></p>\r\n<p data-start=\"269\" data-end=\"523\">A iniciativa busca aproximar o Legislativo da popula\u00e7\u00e3o, possibilitando que moradores participem, opinem e acompanhem de perto os trabalhos dos vereadores. Al\u00e9m dos parlamentares, <strong data-start=\"449\" data-end=\"491\">representantes de entidades e cidad\u00e3os</strong> poder\u00e3o fazer uso da palavra.</p>\r\n<p data-start=\"525\" data-end=\"603\">O presidente da C\u00e2mara, <strong data-start=\"549\" data-end=\"566\">Diego Zanetti</strong>, destacou a import\u00e2ncia do evento. \"<span>Nosso compromisso \u00e9 levar o Legislativo at\u00e9 as comunidades, ouvindo diretamente as necessidades da popula\u00e7\u00e3o\", destacou.</span></p>\r\n<p data-start=\"721\" data-end=\"804\" data-is-last-node=\"\" data-is-only-node=\"\">A C\u00e2mara <span>destaca a import\u00e2ncia da participa\u00e7\u00e3o ativa dos mun\u00edcipes e reafirma seu compromisso com o fortalecimento do v\u00ednculo entre a popula\u00e7\u00e3o e seus representantes e\u00a0</span>convida todos os moradores de Pinheiral de Baixo e regi\u00e3o para participar.</p>", "author_name": "assessoria-parlamentar", "version": "1.0", "author_url": "https://www.palmeira.pr.leg.br/author/assessoria-parlamentar", "provider_name": "C\u00e2mara Municipal de Palmeira", "type": "rich"}