{"provider_url": "https://www.palmeira.pr.leg.br", "title": "Presidente destaca in\u00edcio do REFIS 2025 e aprova\u00e7\u00e3o por vereadores", "html": "<p data-start=\"0\" data-end=\"75\">Durante a 23\u00aa sess\u00e3o ordin\u00e1ria da C\u00e2mara Municipal de Palmeira, realizada na ter\u00e7a-feira (8), o presidente Diego Zanetti usou a palavra para destacar o in\u00edcio do Programa de Recupera\u00e7\u00e3o Fiscal \u2013 REFIS 2025, j\u00e1 em andamento na Prefeitura Municipal desde o in\u00edcio da semana.</p>\r\n<p data-start=\"351\" data-end=\"595\">O presidente lembrou que o programa foi aprovado por unanimidade pelos nove vereadores e representa uma importante oportunidade para que cidad\u00e3os com d\u00e9bitos em d\u00edvida ativa regularizem sua situa\u00e7\u00e3o junto ao munic\u00edpio com condi\u00e7\u00f5es facilitadas.</p>\r\n<p data-start=\"597\" data-end=\"705\">Zanetti destacou que o REFIS 2025 j\u00e1 apresenta boa ades\u00e3o por parte dos contribuintes. O programa oferece:</p>\r\n<ul data-start=\"707\" data-end=\"891\">\r\n<li data-start=\"707\" data-end=\"771\">\r\n<p data-start=\"709\" data-end=\"771\"><strong data-start=\"709\" data-end=\"728\">90% de desconto</strong> em juros e multas para pagamento \u00e0 vista</p>\r\n</li>\r\n<li data-start=\"772\" data-end=\"831\">\r\n<p data-start=\"774\" data-end=\"831\"><strong data-start=\"774\" data-end=\"793\">70% de desconto</strong> para parcelamento em at\u00e9 seis vezes</p>\r\n</li>\r\n<li data-start=\"832\" data-end=\"891\">\r\n<p data-start=\"834\" data-end=\"891\"><strong data-start=\"834\" data-end=\"853\">50% de desconto</strong> para parcelamento em at\u00e9 doze vezes</p>\r\n</li>\r\n</ul>\r\n<p data-start=\"893\" data-end=\"1185\" data-is-last-node=\"\" data-is-only-node=\"\">\u201cA medida facilita a vida da popula\u00e7\u00e3o e tamb\u00e9m fortalece os cofres p\u00fablicos com a recupera\u00e7\u00e3o de receitas importantes para o munic\u00edpio\u201d, afirmou o presidente. Ele agradeceu o apoio de todos os vereadores, destacando o programa como uma pol\u00edtica p\u00fablica bem constru\u00edda em benef\u00edcio da cidade.</p>", "author_name": "", "version": "1.0", "author_url": "https://www.palmeira.pr.leg.br/author/igorgavioli", "provider_name": "C\u00e2mara Municipal de Palmeira", "type": "rich"}