{"provider_url": "https://www.palmeira.pr.leg.br", "title": "Parlamento Jovem realiza 1\u00aa Sess\u00e3o Ordin\u00e1ria", "html": "<p>Aconteceu neste dia 27 de mar\u00e7o, a 1\u00aa Sess\u00e3o Ordin\u00e1ria do 1\u00ba per\u00edodo Legislativo do Programa Parlamento Jovem de 2025.</p>\r\n<p>Na sess\u00e3o usaram a tribuna para pronunciamentos os vereadores jovens Ant\u00f4nio Ign\u00e1cio da Costa Neto (Protagonismo Juvenil Feminino) e Ana Clara Ribinski (M\u00eas da Mulher).</p>\r\n<p>Na Ordem do dia foram discutidas e aprovadas 10 indica\u00e7\u00f5es e 03 Requerimentos.</p>\r\n<p>A sess\u00e3o contou com a presen\u00e7a dos alunos do Col\u00e9gio Estadual Dom Alberto Gon\u00e7alves.</p>\r\n<p>A pr\u00f3xima Sess\u00e3o Ordin\u00e1ria dever\u00e1 acontecer no dia 24/04/2025 \u00e0s 13h30m.</p>", "author_name": "assessoria", "version": "1.0", "author_url": "https://www.palmeira.pr.leg.br/author/assessoria", "provider_name": "C\u00e2mara Municipal de Palmeira", "type": "rich"}