{"provider_url": "https://www.palmeira.pr.leg.br", "title": "Parlamento Jovem participa do desfile dos 206 anos de Palmeira", "html": "<p data-start=\"89\" data-end=\"155\">Na segunda-feira, 7 de abril, feriado de anivers\u00e1rio do Munic\u00edpio de Palmeira, o Parlamento Jovem participou do tradicional desfile c\u00edvico em comemora\u00e7\u00e3o aos 206 anos do munic\u00edpio. O grupo foi representado pelos atuais integrantes do projeto e tamb\u00e9m por ex-parlamentares.</p>\r\n<p data-start=\"466\" data-end=\"767\">A presen\u00e7a no desfile refor\u00e7ou o compromisso do Parlamento Jovem com a cidadania, a valoriza\u00e7\u00e3o da hist\u00f3ria local e o protagonismo da juventude palmeirense. O momento foi uma oportunidade de reconhecimento p\u00fablico do projeto e de sua contribui\u00e7\u00e3o para a forma\u00e7\u00e3o de jovens mais conscientes e atuantes.</p>\r\n<p data-start=\"769\" data-end=\"911\">A C\u00e2mara Municipal de Palmeira parabeniza todos os envolvidos e reafirma seu compromisso com a juventude e com o fortalecimento do exerc\u00edcio da cidadania e democracia.</p>", "author_name": "assessoria", "version": "1.0", "author_url": "https://www.palmeira.pr.leg.br/author/assessoria", "provider_name": "C\u00e2mara Municipal de Palmeira", "type": "rich"}