{"provider_url": "https://www.palmeira.pr.leg.br", "title": "Parlamento Jovem elege nova Mesa Diretiva", "html": "<p>Na quinta-feira (28) aconteceu a 1\u00aa Sess\u00e3o Ordin\u00e1ria do 2\u00ba Per\u00edodo Legislativo do Parlamento Jovem de Palmeira, realizada no plen\u00e1rio da C\u00e2mara Municipal. O encontro foi marcado pela elei\u00e7\u00e3o da nova Mesa Diretiva e pela apresenta\u00e7\u00e3o de importantes debates e proposi\u00e7\u00f5es dos vereadores jovens.</p>\r\n<p><b>Elei\u00e7\u00e3o da nova Mesa Diretiva</b></p>\r\n<p><b></b>Duas chapas concorreram \u00e0 elei\u00e7\u00e3o, demonstrando o engajamento e o interesse dos participantes na constru\u00e7\u00e3o democr\u00e1tica do projeto. A <b>Chapa 01</b> foi eleita com 05 votos para conduzir os trabalhos neste segundo per\u00edodo legislativo, ficando composta da seguinte forma:</p>\r\n<ul>\r\n<li><b>Presidente:</b> Agnes Celi Ferreira</li>\r\n<li><b>Vice-presidente:</b> Lorena da Costa Kasdorf</li>\r\n<li><b>1\u00aa Secret\u00e1ria:</b> Maria Fernanda Szaluf Costa</li>\r\n<li><b>2\u00aa Secret\u00e1ria:</b> Ana Clara Ribinski</li>\r\n</ul>\r\n<p>Ap\u00f3s a posse da nova Mesa Diretiva, teve in\u00edcio a primeira sess\u00e3o ordin\u00e1ria do segundo per\u00edodo, que trouxe ao plen\u00e1rio reflex\u00f5es e propostas de grande relev\u00e2ncia social.</p>\r\n<p><b>Debates e proposi\u00e7\u00f5es apresentadas</b></p>\r\n<p>Durante a sess\u00e3o, as vereadoras jovens fizeram uso da palavra com temas significativos para a comunidade:</p>\r\n<ul>\r\n<li><b>Vit\u00f3ria:</b> defesa do anteprojeto de lei que institui a <i>Semana de Import\u00e2ncia da Vida</i>;</li>\r\n<li><b>Agnes:</b> defesa do anteprojeto de lei que cria o programa <i>Aluno Exemplo do Ano</i>;</li>\r\n<li><b>Ana Clara:</b> incentivo ao <i>h\u00e1bito da leitura</i>;</li>\r\n<li><b>Izadora:</b> campanha <i>Agosto Lil\u00e1s \u2013 pelo fim da viol\u00eancia contra as mulheres</i>;</li>\r\n<li><b>Fernanda:</b> reflex\u00e3o sobre <i>adultiza\u00e7\u00e3o e a inf\u00e2ncia roubada</i>.</li>\r\n</ul>\r\n<p>No total, foram 21 proposi\u00e7\u00f5es apresentadas e aprovadas, sendo 03 requerimentos, 16 indica\u00e7\u00f5es e 02 anteprojetos de lei.</p>\r\n<p>A sess\u00e3o contou com a presen\u00e7a de estudantes da <b>Escola Estadual do Campo Jo\u00e3o Sidorko </b>(comunidade de Santa B\u00e1rbara) e do <b>Col\u00e9gio Realeza</b>, que prestigiaram e acompanharam os trabalhos legislativos. A C\u00e2mara Municipal e a coordena\u00e7\u00e3o do Parlamento Jovem agradecem \u00e0s escolas pela participa\u00e7\u00e3o e pelo apoio \u00e0 forma\u00e7\u00e3o cidad\u00e3 dos jovens.</p>\r\n<p>A pr\u00f3xima Sess\u00e3o Ordin\u00e1ria do Parlamento Jovem j\u00e1 est\u00e1 marcada para o dia 25 de setembro, \u00e0s 13h30, no plen\u00e1rio da C\u00e2mara Municipal.</p>", "author_name": "", "version": "1.0", "author_url": "https://www.palmeira.pr.leg.br/author/igorgavioli", "provider_name": "C\u00e2mara Municipal de Palmeira", "type": "rich"}