{"provider_url": "https://www.palmeira.pr.leg.br", "title": "Parlamento Jovem e Ouvidoria do SUS discutem III Ouviteen", "html": "<p>Na manh\u00e3 desta sexta-feira (09), a Coordena\u00e7\u00e3o do Parlamento Jovem de Palmeira se reuniu com a Ouvidora do SUS e sua equipe para alinhar o planejamento da 3\u00aa edi\u00e7\u00e3o do Projeto Ouviteen \u2014 uma iniciativa que j\u00e1 se tornou refer\u00eancia em cidadania e protagonismo juvenil no munic\u00edpio.</p>\r\n<p>O Ouviteen tem como principal objetivo apresentar aos jovens parlamentares o funcionamento da Ouvidoria do SUS na pr\u00e1tica, mostrando seu papel essencial na escuta da popula\u00e7\u00e3o, no encaminhamento de demandas e na melhoria cont\u00ednua dos servi\u00e7os p\u00fablicos de sa\u00fade. A partir dessa viv\u00eancia, os jovens transformam o que aprendem em a\u00e7\u00f5es criativas de divulga\u00e7\u00e3o para suas comunidades, aproximando os cidad\u00e3os do SUS de maneira acess\u00edvel e did\u00e1tica.</p>\r\n<p>Durante a reuni\u00e3o, foram discutidos os pr\u00f3ximos passos da edi\u00e7\u00e3o deste ano, incluindo oficinas, visitas t\u00e9cnicas e estrat\u00e9gias de comunica\u00e7\u00e3o que dialoguem com o p\u00fablico jovem. A proposta \u00e9 que os pr\u00f3prios parlamentares jovens eleitos ao programa se tornem multiplicadores de informa\u00e7\u00e3o, levando \u00e0s escolas e aos bairros uma vis\u00e3o mais clara e leve sobre como a popula\u00e7\u00e3o pode exercer sua cidadania tamb\u00e9m por meio da ouvidoria.</p>\r\n<p>A equipe da Ouvidoria destacou a import\u00e2ncia da parceria com o Parlamento Jovem e elogiou o engajamento dos participantes nas edi\u00e7\u00f5es anteriores. Para a coordena\u00e7\u00e3o do programa, \u00e9 uma oportunidade de conectar juventude, sa\u00fade e participa\u00e7\u00e3o social de maneira concreta e transformadora.</p>\r\n<p>Lucas Mateus, coordenador do Parlamento Jovem, acredita que esta nova edi\u00e7\u00e3o deve ampliar ainda mais o alcance do projeto. \u201cTemos um grupo motivado e boas ideias em constru\u00e7\u00e3o. Agora \u00e9 colocar em pr\u00e1tica\u201d, afirmou.</p>", "author_name": "assessoria", "version": "1.0", "author_url": "https://www.palmeira.pr.leg.br/author/assessoria", "provider_name": "C\u00e2mara Municipal de Palmeira", "type": "rich"}