{"provider_url": "https://www.palmeira.pr.leg.br", "title": "Novos parlamentares jovens s\u00e3o empossados em Sess\u00e3o Solene", "html": "<p><span>Na ter\u00e7a-feira, 18 de mar\u00e7o, o Plen\u00e1rio da C\u00e2mara Municipal de Palmeira foi palco da Sess\u00e3o Solene de posse dos vereadores jovens que comp\u00f5em o Parlamento Jovem 2025. Os estudantes seguiram o protocolo regimental da Casa de Leis e receberam, das m\u00e3os do presidente do Legislativo Municipal, vereador Diego Fabr\u00edcio Zanetti, o diploma de posse.</span></p>\r\n<p>\u00a0</p>\r\n<p>Al\u00e9m do presidente Diego Fabr\u00edcio Zanetti, o evento contou com a presen\u00e7a dos vereadores Sargento Gaio, Vane, Gilmar Costa, Jo\u00e3o Savi e Fab\u00edola Mereles, al\u00e9m de alunos do Centro Estadual de Educa\u00e7\u00e3o Profissional Agr\u00edcola Get\u00falio Vargas, representantes das escolas participantes, pais e amigos dos vereadores jovens.</p>\r\n<p>\u00a0</p>\r\n<p>Para o presidente Diego Zanetti, o momento \u00e9 hist\u00f3rico para Palmeira. \u201cMais do que um exerc\u00edcio de cidadania, esta iniciativa tem o poder de transformar ideias em a\u00e7\u00f5es concretas\u201d, afirmou o vereador.</p>\r\n<p>\u00a0</p>\r\n<p>A vereadora jovem Maria Fernanda Szaluf Costa representou todos os parlamentares em seu discurso, destacando a import\u00e2ncia do aprendizado, da uni\u00e3o e do trabalho conjunto para conquistar melhorias e fazer a diferen\u00e7a no munic\u00edpio.</p>\r\n<p>\u00a0</p>\r\n<p>Tomaram posse os seguintes parlamentares jovens: Agnes Celi Ferreira, Ana Clara Ribinski, Ant\u00f4nio Ign\u00e1cio Costa Neto, Fernanda de Lara Fernandes Ribeiro, Isabelle Chempceke Bonk, Isadora Felde, Lorena da Costa Kasdorf, Maria Fernanda Szaluf Costa e Vit\u00f3ria Passoni.</p>\r\n<p>\u00a0</p>\r\n<p>A sess\u00e3o foi presidida pelo vereador jovem Ant\u00f4nio Ign\u00e1cio Costa Neto, o mais velho entre os eleitos. Ap\u00f3s o encerramento da sess\u00e3o solene, foi realizada uma nova sess\u00e3o para a escolha da Mesa Diretiva que conduzir\u00e1 os trabalhos no primeiro per\u00edodo. A composi\u00e7\u00e3o ficou definida da seguinte forma:</p>\r\n<p>\u00a0</p>\r\n<ul>\r\n<li><b>Presidente</b>: Vit\u00f3ria Passoni</li>\r\n<li><b>Vice-Presidente</b>: Agnes Celi Ferreira</li>\r\n<li><b>1\u00aa Secret\u00e1ria</b>: Ana Clara Ribinski</li>\r\n<li><b>2\u00aa Secret\u00e1ria</b>: Isabelle Chempceke Bonk</li>\r\n</ul>\r\n<p>\u00a0</p>\r\n<p>Tamb\u00e9m na ter\u00e7a-feira (18), durante a Sess\u00e3o Ordin\u00e1ria das 19h, os vereadores municipais participaram do sorteio que definiu o apadrinhamento dos parlamentares jovens:</p>\r\n<p>\u00a0</p>\r\n<ul>\r\n<li><b>Agnes Celi Ferreira</b> (Col\u00e9gio Sagrada) \u2013 Lucas Santos</li>\r\n<li><b>Ana Clara Ribinski</b> (Prof. Leonardo Salata \u2013 Col\u00f4nia Maciel) \u2013 Joslei Sequineli</li>\r\n<li><b>Ant\u00f4nio Ign\u00e1cio Costa Neto</b> (Pinheiral de Baixo) \u2013 Gilmar Costa</li>\r\n<li><b>Fernanda de Lara Fernandes Ribeiro</b> (CEDAG) \u2013 Irm\u00e3o Fabiano</li>\r\n<li><b>Isabelle Chempceke Bonk</b> (David Carneiro) \u2013 Sargento Gaio</li>\r\n<li><b>Isadora Felde</b> (Bom Jesus do Monte \u2013 Vieiras) \u2013 Fab\u00edola Mereles</li>\r\n<li><b>Lorena da Costa Kasdorf</b> (Fritz Kliewer \u2013 Witmarsum) \u2013 Diego Fabr\u00edcio Zanetti</li>\r\n<li><b>Maria Fernanda Szaluf Costa</b> (Agr\u00edcola) \u2013 Jo\u00e3o Savi</li>\r\n<li><b>Vit\u00f3ria Passoni</b> (Col\u00e9gio Realeza) \u2013 Jovane Ferreira</li>\r\n</ul>\r\n<p>\u00a0</p>\r\n<p>No dia 20 de mar\u00e7o, ser\u00e1 realizado um minicurso de capacita\u00e7\u00e3o. J\u00e1 a primeira Sess\u00e3o Ordin\u00e1ria do Parlamento Jovem 2025 ocorrer\u00e1 no dia 27 de mar\u00e7o, \u00e0s 13h30.</p>", "author_name": "assessoria-parlamentar", "version": "1.0", "author_url": "https://www.palmeira.pr.leg.br/author/assessoria-parlamentar", "provider_name": "C\u00e2mara Municipal de Palmeira", "type": "rich"}