{"provider_url": "https://www.palmeira.pr.leg.br", "title": "Nota de pesar: falecimento do ex-vereador Aleixo Karas", "html": "<p>A C\u00e2mara Municipal de Palmeira manifesta profundo pesar pelo falecimento do ex-vereador Aleixo Karas, no dia 5 de julho. Ele integrou esta Casa Legislativa nas legislaturas de 1983 a 1988 e de 2001 a 2004, tendo atuado tamb\u00e9m como presidente do Legislativo durante seu primeiro mandato.</p>\r\n<p>Homem p\u00fablico de reconhecida dedica\u00e7\u00e3o, Aleixo prestou relevantes servi\u00e7os \u00e0 comunidade palmeirense, contribuindo de forma significativa com o desenvolvimento do munic\u00edpio por meio do trabalho parlamentar.</p>\r\n<p>Neste momento de dor, a C\u00e2mara Municipal de Palmeira, em nome de todos os parlamentares e servidores, expressa condol\u00eancias a todos os familiares e amigos.</p>", "author_name": "", "version": "1.0", "author_url": "https://www.palmeira.pr.leg.br/author/igorgavioli", "provider_name": "C\u00e2mara Municipal de Palmeira", "type": "rich"}