{"provider_url": "https://www.palmeira.pr.leg.br", "title": " Vereadores se re\u00fanem com m\u00e9dicos do Munic\u00edpio", "html": "<p>Na ter\u00e7a-feira (04/02), os vereadores Presidente Domingos Everaldo Kuhn, Anselmo H. Os\u00f3rio, Jo\u00e3o Savi e Marcos Ribas estiveram reunidos com os m\u00e9dicos Dra. D\u00e9bora C. Reis Paul, Dra Lindiara S. Santos Previtali e Dr. Haydan de Freitas Osako, os quais atualmente trabalham nas Unidades B\u00e1sicas de Sa\u00fade do Munic\u00edpio. O objetivo desse encontro foi debater o aumento do subs\u00eddio do prefeito municipal, para que os m\u00e9dicos continuem prestando servi\u00e7os no munic\u00edpio sem implica\u00e7\u00f5es e devolu\u00e7\u00e3o de valores, j\u00e1 que consta na Constitui\u00e7\u00e3o Federal artigo 37 inciso XI, que a remunera\u00e7\u00e3o dos servidores p\u00fablicos n\u00e3o pode exceder o subs\u00eddio mensal do Prefeito.</p>\r\n<p>Nova reuni\u00e3o ser\u00e1 agendada para debater o assunto.</p>", "author_name": "mariane", "version": "1.0", "author_url": "https://www.palmeira.pr.leg.br/author/mariane", "provider_name": "C\u00e2mara Municipal de Palmeira", "type": "rich"}