{"provider_url": "https://www.palmeira.pr.leg.br", "title": "Vereadores juniores da turma 2017 tomam posse", "html": "<p style=\"text-align: left; \">Nesta quinta-feira (09), na C\u00e2mara Municipal, foram empossados os nove vereadores jovens do munic\u00edpio. Os estudantes seguiram o protocolo regimental da Casa de Leis na solenidade de posse, como na elei\u00e7\u00e3o da mesa diretiva do Parlamento. Os PJs empossados receberam um brinde do Programa Jovem Senador, do Senado Federal.\u00a0</p>\r\n<p style=\"text-align: left; \">Sara Edueelynn dos Santos assumiu a presid\u00eancia da sess\u00e3o por ser a vereadora eleita com maior idade. Para ela coube a miss\u00e3o de fazer a abertura dos trabalhos na sess\u00e3o solene de posse. Cada um dos vereadores jovens tomaram seus assentos nas cadeiras que ocupar\u00e3o durante as sess\u00f5es mensais do Parlamento. A quarta turma de vereadores jovens de Palmeira foram diplomados pelo presidente da Casa, Anselmo Heimbecher Os\u00f3rio.</p>\r\n<p style=\"text-align: left; \">A vereadora jovem Danielly W\u00fcrmli discursou em nome de todos os eleitos, e disse que os Parlamento Jovem ir\u00e1 proporcionar para os participantes um maior conhecimento, despertar lideran\u00e7as, al\u00e9m de torna-los mais participativos na vida p\u00fablica \u201cacredito que o parlamento jovem proporcionar\u00e1 a n\u00f3s, jovens uma chance de ser mais participativos na vida p\u00fablica e ser mais atuantes e cr\u00edticos em nossa vida social, al\u00e9m de despertar lideran\u00e7as.\u201d disse Danielly.</p>\r\n<p style=\"text-align: left; \">Em discurso, Anselmo comentou que a juventude tem um papel important\u00edssimo no desenvolvimento da nossa sociedade, por isso, nada mais justo ter um espa\u00e7o na C\u00e2mara Municipal. Segundo ele, o vereador tem o dever de incentivar a juventude a propor solu\u00e7\u00f5es e a participar do processo pol\u00edtico efetivamente. \u201cNo munic\u00edpio de Palmeira podemos notar que os jovens est\u00e3o realmente interessados na pol\u00edtica, a prova disso \u00e9 a participa\u00e7\u00e3o desses jovens no programa parlamento jovem. A proposta de programa de politiza\u00e7\u00e3o e participa\u00e7\u00e3o pol\u00edtica desenvolvida pela C\u00e2mara de Palmeira pretende que pelo menos 09 jovens saibam na pr\u00e1tica e de forma aprofundada as fun\u00e7\u00f5es do poder legislativo em um munic\u00edpio e o que faz um vereador\u201d, disse Anselmo.</p>\r\n<p style=\"text-align: left; \">O ex-vereador Mario Wieczorek e atual secret\u00e1rio municipal de assist\u00eancia social comentou que o Parlamento Jovem foi de sua iniciativa, por\u00e9m ap\u00f3s apresentado o projeto, ele n\u00e3o \u00e9 mais do vereador, mas sim da C\u00e2mara Municipal de Palmeira, disse estar satisfeito com a repercuss\u00e3o do Parlamento Jovem.</p>\r\n<p style=\"text-align: left; \">\u201cV\u00e1rias outras cidades est\u00e3o copiando esta ideia, e se est\u00e3o implantando o Parlamento Jovem nas suas cidades \u00e9 porque \u00e9 uma ideia boa de escola de cidadania e politiza\u00e7\u00e3o. Algumas cidades j\u00e1 implantar\u00e3o, outras entraram em contato solicitando informa\u00e7\u00f5es sobre o programa, devemos nos orgulhar, pois este programa j\u00e1 foi merecedor de pr\u00eamios, um deles o F\u00f3rum Mundial da Educa\u00e7\u00e3o, onde dez pa\u00edses estavam participando e o Parlamento Jovem era o \u00fanico projeto pol\u00edtico de educa\u00e7\u00e3o, como tamb\u00e9m j\u00e1 foi reconhecido\u00a0 pelo\u00a0 Senado Federal, C\u00e2mara dos Deputados e\u00a0 Assembleia Legislativa do Paran\u00e1.\u201d</p>\r\n<p style=\"text-align: left; \">Junto com a diploma\u00e7\u00e3o, os jovens foram contemplados com um kit com um caderno, uma caderneta, um bloco de anota\u00e7\u00f5es do Programa Jovem Senador, do Senado Federal. \u201cEstes brindes, enviados pela equipe do Programa Jovem Senador, especialmente para a posse, reafirma a parceria da C\u00e2mara de Palmeira com o Senado Federal no compromisso de politizar a juventude\u201d, aponta a Coordenadora do programa Parlamento Jovem, Karina Vanessa Albano.</p>\r\n<p style=\"text-align: left; \">Ap\u00f3s a cerim\u00f4nia de posse, aconteceu a elei\u00e7\u00e3o da mesa diretiva do Parlamento Jovem. Fora do plen\u00e1rio, os jovens se reuniram e formaram duas chapas, uma delas composta por Pamela Maria Stanski da Luz como presidente, Sara Edueelynn dos Santos como vice-presidente, Mateus Mayer como 1\u00ba secret\u00e1rio e L\u00edvia Sanson como 2\u00aa secret\u00e1ria. Na outra chapa, a n\u00ba 2 foram inscritos para presidente a estudante Isabela Mores Furmam, vice-presidente Danielly Wurmli, 1\u00aa secretaria Priscila de Castro Souza e na 2\u00aa secretaria Jaqueline Valle dos Santos. A chapa n\u00ba 1 foi a vencedora com cinco votos contra quatro da outra chapa.</p>\r\n<p style=\"text-align: left; \">No dia 14 de mar\u00e7o todos os 15 eleitos nas escolas (vereadores jovens e suplentes) se re\u00fanem na C\u00e2mara Municipal para um curso em que ser\u00e1 abordado o funcionamento do Legislativo Municipal entre outras informa\u00e7\u00f5es pertinentes que ser\u00e3o usadas no decorrer do mandato pelos jovens nas demais sess\u00f5es de 2016. A primeira sess\u00e3o deliberativa do Parlamento Jovem acontece dia 30 de mar\u00e7o.</p>", "author_name": "", "version": "1.0", "author_url": "https://www.palmeira.pr.leg.br/author/cmpalmeira", "provider_name": "C\u00e2mara Municipal de Palmeira", "type": "rich"}