{"provider_url": "https://www.palmeira.pr.leg.br", "title": "Sess\u00e3o Extraordin\u00e1ria", "html": "<p>Nesta quinta-feira (05/09), aconteceu na sede da C\u00e2mara Municipal de Palmeira, Sess\u00e3o Extraordin\u00e1ria, oportunidade que foram apreciados e aprovados em 2\u00aa discuss\u00e3o os Projetos de Lei 5346, 5347 e 5348.</p>\r\n<p>Ainda em discuss\u00e3o \u00fanica foi aprovado emenda corrigindo a reda\u00e7\u00e3o do Projeto de Lei 5348. </p>\r\n<p><b>5346 \u2013</b> Autoriza o Poder Executivo Municipal a contratar opera\u00e7\u00e3o de cr\u00e9dito com a Caixa Econ\u00f4mica Federal, com a garantia da Uni\u00e3o e d\u00e1 outras provid\u00eancias. </p>\r\n<p><b>5347 \u2013</b> Autoriza a Abertura de Cr\u00e9dito Adicional Especial, no or\u00e7amento Geral do Munic\u00edpio, no valor de R$ 10.000.000,00, na Secretaria Municipal de Obras e Infraestrutura. </p>\r\n<p><b>5348 \u2013</b> D\u00e1 denomina\u00e7\u00e3o ao Distrito Industrial e suas respectivas ruas.</p>", "author_name": "", "version": "1.0", "author_url": "https://www.palmeira.pr.leg.br/author/ivano", "provider_name": "C\u00e2mara Municipal de Palmeira", "type": "rich"}