{"provider_url": "https://www.palmeira.pr.leg.br", "title": "Sess\u00e3o Extraordin\u00e1ria", "html": "<p>Nesta Quinta Feira (22), ap\u00f3s convoca\u00e7\u00e3o do Presidente do Legislativo vereador Pastor Anselmo, com in\u00edcio \u00e0s 17 horas, estar\u00e1 acontecendo na sede da C\u00e2mara Municipal de Palmeira, sess\u00e3o extraordin\u00e1ria.<span>\u00a0</span></p>\r\n<p>Na Ordem do Dia constar\u00e1 a 1\u00aa discuss\u00e3o dos Projetos de Lei 4.723, 4.724, 4.726, 4.727 e o Substitutivo ao Projeto de Lei 4.725.<span>\u00a0</span></p>\r\n<p>Os artigos 77 a 79 do Regimento Interno regulamentam as sess\u00f5es extraordin\u00e1rias, e o 79 diz que na sess\u00e3o extraordin\u00e1ria n\u00e3o se tratar\u00e1 de mat\u00e9ria estranha \u00e0 que houver determinada na sua convoca\u00e7\u00e3o.<span>\u00a0</span></p>\r\n<p>O Presidente da Mesa Executiva, vereador Pastor Anselmo, diz que \u00e9 fundamental a presen\u00e7a de todos os vereadores, haja visto que os projetos que ser\u00e3o apreciados s\u00e3o importantes e que envolvem e afetam diretamente a Secretaria Municipal de Educa\u00e7\u00e3o.<span>\u00a0</span></p>\r\n<p>No site oficial da C\u00e2mara Municipal (<span><a href=\"https://www.palmeira.pr.leg.br/\">www.palmeira.pr.leg.br</a></span>) todos tem acesso \u00e0 convoca\u00e7\u00e3o completa da <b>Ordem do Dia</b>.</p>", "author_name": "", "version": "1.0", "author_url": "https://www.palmeira.pr.leg.br/author/ivano", "provider_name": "C\u00e2mara Municipal de Palmeira", "type": "rich"}