{"provider_url": "https://www.palmeira.pr.leg.br", "title": "Sess\u00e3o Extraordin\u00e1ria", "html": "<p style=\"text-align: left; \">Nesta quinta-feira (16 de fevereiro), ap\u00f3s convoca\u00e7\u00e3o do presidente do Legislativo, vereador Pastor Anselmo, com in\u00edcio \u00e0s 19 horas, estar\u00e1 acontecendo na sede da C\u00e2mara Municipal de Palmeira, sess\u00e3o extraordin\u00e1ria.</p>\r\n<p style=\"text-align: left; \">Na ordem do dia constar\u00e1 a segunda discuss\u00e3o dos projetos de lei 4613 e 4620.</p>\r\n<p style=\"text-align: left; \">Os artigos 77 a 79 do regimento interno regulamentam as sess\u00f5es extraordin\u00e1rias, e o 79 diz que na sess\u00e3o extraordin\u00e1ria n\u00e3o se tratar\u00e1 de mat\u00e9ria estranha \u00e0 que houver determinada na sua convoca\u00e7\u00e3o.</p>\r\n<p style=\"text-align: left; \">O presidente da mesa executiva, vereador Pastor Anselmo, diz que \u00e9 importante a presen\u00e7a de todos os vereadores, haja visto que os projetos que ser\u00e3o apreciados s\u00e3o temas importantes que envolvem e afetam diretamente o funcionalismo p\u00fablico municipal.</p>", "author_name": "", "version": "1.0", "author_url": "https://www.palmeira.pr.leg.br/author/cmpalmeira", "provider_name": "C\u00e2mara Municipal de Palmeira", "type": "rich"}