{"provider_url": "https://www.palmeira.pr.leg.br", "title": "PROJETO OUVITEEN E PARLAMENTO JOVEM", "html": "<p>No \u00faltimo dia 27/06/2023, ocorreu na C\u00e2mara Municipal a primeira atividade em parceria com o projeto Ouviteen. No m\u00eas de junho, os parlamentares jovens tiveram que apresentar somente proposi\u00e7\u00f5es da \u00e1rea da sa\u00fade, com o intuito de contribuir para uma sa\u00fade melhor no munic\u00edpio. Assim, durante a reuni\u00e3o das comiss\u00f5es os jovens apresentaram 06 requerimentos, 05 indica\u00e7\u00f5es e 02 anteprojetos de lei.</p>\r\n<p>Na ocasi\u00e3o, foi realizado a elei\u00e7\u00e3o do primeiro ouvidor(a) teen de Palmeira, sendo que com cinco votos foi eleita a Vereadora Franciele de Camargo do Valle, ficando como suplente Emily Aparecida Ferreira e como secret\u00e1rio Felipe Kapp.</p>\r\n<p>Na sequ\u00eancia, os vereadores jovens foram divididos em tr\u00eas grupos, para a realiza\u00e7\u00e3o de oficinas de aprendizagem para capacitar os alunos sobre temas relacionados a sa\u00fade. O primeiro grupo com o tema \u201cSa\u00fade Mental\u201d foi orientado pela coordenadora do parlamento Jovem Vanessa Albano e Secret\u00e1ria de Sa\u00fade Ana Paula Marques. O segundo grupo \u201cCidade Educadora e Sa\u00fade Integral\u201d foi orientado pelo respons\u00e1vel t\u00e9cnico do Cidades Educadoras Henry Mainardes e enfermeira Karina. O terceiro grupo \u201cPorta de entrada e Pronto Atendimento\u201d foi orientado pelas Diretoras Simone Aparecida dos Santos de Chaves e Anna Ang\u00e9lica Alves Moscalesky. A Ouvidora de Sa\u00fade Cristiane Rocha Mezzadri, deu apoio log\u00edstico a todos os grupos.</p>\r\n<p>Esse encontro marcou um momento significativo para o novo projeto Ouviteen, que visa facilitar a comunica\u00e7\u00e3o entre os jovens, comunidade e a ouvidoria do SUS, sendo crucial a uni\u00e3o entre C\u00e2mara Municipal, Secretaria Municipal de Sa\u00fade, Cidades Educadoras e Ouvidoria do SUS.</p>", "author_name": "", "version": "1.0", "author_url": "https://www.palmeira.pr.leg.br/author/ivano", "provider_name": "C\u00e2mara Municipal de Palmeira", "type": "rich"}