{"provider_url": "https://www.palmeira.pr.leg.br", "title": "PRESIDENTE CONVOCA SESS\u00d5ES EXTRAORDIN\u00c1RIAS", "html": "<h2><span>EDITAL DE CONVOCA\u00c7\u00c3O</span></h2>\r\n<p><span><br /></span></p>\r\n<p class=\"Default\">\u00a0O Presidente da C\u00e2mara Municipal de Palmeira, Estado do Paran\u00e1, no uso da atribui\u00e7\u00e3o que lhe \u00e9 conferida pela Lei Org\u00e2nica do Munic\u00edpio de 05/04/1990, em seu artigo 47, convoca a C\u00e2mara Municipal para Sess\u00e3o Extraordin\u00e1ria dias 28 e 29 (vinte e oito e vinte e nove) do corrente, no hor\u00e1rio de 19 (dezenove), horas para aprecia\u00e7\u00e3o em 1\u00aa (primeira) e 2\u00aa (segunda) discuss\u00e3o, respectivamente, os Projetos de Lei n\u00bas. 5472 que Autoriza a Abertura de Cr\u00e9dito Adicional Especial e d\u00e1 outras provid\u00eancias, 5473 que Autoriza a Abertura de Cr\u00e9dito Adicional Especial e d\u00e1 outras provid\u00eancias, 5474 que Autoriza a Abertura de Cr\u00e9dito Adicional Suplementar e d\u00e1 outras provid\u00eancias, 5475 que Autoriza a Abertura de Cr\u00e9dito Adicional Especial e d\u00e1 outras provid\u00eancias, 5476 que Autoriza a Abertura de Cr\u00e9dito Adicional Especial e d\u00e1 outras provid\u00eancias, 5477 que Autoriza a Abertura de Cr\u00e9dito Adicional Especial e d\u00e1 outras provid\u00eancias, 5478 que Autoriza a Abertura de Cr\u00e9dito Adicional Suplementar e d\u00e1 outras provid\u00eancias, 5479 que Autoriza a Abertura de Cr\u00e9dito Adicional Especial e d\u00e1 outras provid\u00eancias, 5480 que Autoriza a Abertura de Cr\u00e9dito Adicional Suplementar e d\u00e1 outras provid\u00eancias, 5481 que Autoriza a Abertura de Cr\u00e9dito Adicional Especial e d\u00e1 outras provid\u00eancias, 5482 que Autoriza a Abertura de Cr\u00e9dito Adicional Especial e d\u00e1 outras provid\u00eancias, 5483 que Autoriza a Abertura de Cr\u00e9dito Adicional Suplementar e d\u00e1 outras provid\u00eancias, 5484 que Autoriza a Abertura de Cr\u00e9dito Adicional Especial e d\u00e1 outras provid\u00eancias, 5485 que Autoriza a Abertura de Cr\u00e9dito Adicional Especial e d\u00e1 outras provid\u00eancias, 5486 que Autoriza a Abertura de Cr\u00e9dito Adicional Suplementar e d\u00e1 outras provid\u00eancias, 5487 que Autoriza a Abertura de Cr\u00e9dito Adicional Suplementar e d\u00e1 outras provid\u00eancias, 5488 que Autoriza a Abertura de Cr\u00e9dito Adicional Especial e d\u00e1 outras provid\u00eancias, 5489 que Autoriza a Abertura de Cr\u00e9dito Adicional Suplementar e d\u00e1 outras provid\u00eancias, 5490 que Autoriza a Abertura de Cr\u00e9dito Adicional Especial e d\u00e1 outras provid\u00eancias, 5491 que Autoriza a Abertura de Cr\u00e9dito Adicional Suplementar e d\u00e1 outras provid\u00eancias, 5492 que Autoriza a Abertura de Cr\u00e9dito Adicional Especial e d\u00e1 outras provid\u00eancias, 5493 que Autoriza a Abertura de Cr\u00e9dito Adicional Especial e d\u00e1 outras provid\u00eancias.</p>\r\n<p>Sede da C\u00e2mara Municipal de Palmeira, Estado do Paran\u00e1, em 24 de abril de 2020.</p>\r\n<p>DOMINGOS EVERALDO KUHN</p>\r\n<p>\u00a0\u00a0\u00a0\u00a0\u00a0\u00a0\u00a0\u00a0\u00a0\u00a0 Presidente</p>\r\n<p>\u00a0\u00a0\u00a0\u00a0\u00a0\u00a0\u00a0\u00a0\u00a0\u00a0\u00a0\u00a0\u00a0\u00a0\u00a0\u00a0\u00a0\u00a0\u00a0\u00a0\u00a0\u00a0\u00a0\u00a0\u00a0\u00a0\u00a0\u00a0\u00a0\u00a0\u00a0\u00a0\u00a0\u00a0\u00a0\u00a0\u00a0 \u00a0\u00a0\u00a0\u00a0\u00a0\u00a0\u00a0\u00a0\u00a0\u00a0\u00a0\u00a0\u00a0\u00a0\u00a0\u00a0\u00a0\u00a0\u00a0\u00a0\u00a0\u00a0\u00a0\u00a0\u00a0\u00a0\u00a0\u00a0\u00a0\u00a0\u00a0\u00a0\u00a0\u00a0\u00a0\u00a0\u00a0\u00a0\u00a0\u00a0\u00a0\u00a0\u00a0\u00a0\u00a0\u00a0\u00a0\u00a0\u00a0\u00a0\u00a0\u00a0\u00a0\u00a0\u00a0 \u00a0\u00a0\u00a0\u00a0\u00a0\u00a0 </p>", "author_name": "", "version": "1.0", "author_url": "https://www.palmeira.pr.leg.br/author/ivano", "provider_name": "C\u00e2mara Municipal de Palmeira", "type": "rich"}