{"provider_url": "https://www.palmeira.pr.leg.br", "title": "PR\u00caMIO CIDADE CLIMA DO BRASIL", "html": "<p>Na noite dessa quinta-feira (14/12), na Sede da C\u00e2mara Municipal de Palmeira, aconteceu Sess\u00e3o Solene para entrega do Pr\u00eamio Cidade Clima do Brasil.</p>\r\n<p>Esta honraria foi institu\u00edda pela Lei Municipal N\u00ba 2.378, de 14 de junho de 2005, e tem o objetivo de homenagear empresas ou pessoas que se destacam em suas atividades. </p>\r\n<p>Na edi\u00e7\u00e3o de 2023, os premiados foram os seguintes: </p>\r\n<p class=\"Default\"><b>JOSELBA HASS</b>, homenageada pelo vereador Lucas dos Santos;</p>\r\n<p class=\"Default\"><b>SOCIEDADE ESPORTIVA PINHEIRAL</b>, homenagem do vereador Joslei Sequineli;</p>\r\n<p class=\"Default\"><b>ARIANE BARAUSSE KUHN</b>, homenageada pelo vereador Odair Sanson J\u00fanior;</p>\r\n<p class=\"Default\"><b>MARIO CELSO FRANCO</b>, homenageado pelo vereador Rog\u00e9rio Czelusniak;</p>\r\n<p class=\"Default\"><b>ELIEZER BORCOSKI</b>, homenageado pelo vereador Vane;</p>\r\n<p class=\"Default\"><b>LOJ\u00c3O DO QUEIMA</b>, homenagem do vereador Marcel Pietralla;</p>\r\n<p class=\"Default\"><b>ORQUESTRA FILARM\u00d4NICA TOM JOBIM</b>, homenagem do vereador Egon Krambeck;</p>\r\n<p class=\"Default\"><b>F\u00c1BIO PASSONI</b>, homenageado pelo vereador Vaguinho;</p>\r\n<p class=\"Default\"><b>VALTER LOUREN\u00c7O RUTCOSKI</b>, homenageado pelo vereador Gilberto Rogalski.<b> <br /></b></p>\r\n<p>O plen\u00e1rio da C\u00e2mara Municipal esteve lotado, teve ainda a presen\u00e7a do Prefeito Municipal S\u00e9rgio Beliche e Vice-Prefeito Major Jonatas Boaventura Schulli, e no final o Presidente do Legislativo Municipal Vereador Odair Sanson J\u00fanior, em nome da C\u00e2mara de Vereadores de Palmeira, expressou os sinceros agradecimentos a todas as senhoras e todos os senhores que prestigiaram o evento, num gesto de reconhecimento e demonstra\u00e7\u00e3o de carinho da popula\u00e7\u00e3o para com aqueles que n\u00e3o medem esfor\u00e7os para promover a melhoria da qualidade de vida da comunidade palmeirense, e aos homenageados, desejou os mais sinceros agradecimentos por suas exist\u00eancias e por serem exemplos de trabalho para a querida Palmeira, e desejando ainda que todos sejam muito felizes e que continuem fazendo a diferen\u00e7a dentro da comunidade Palmeirense. </p>\r\n<p><b><i>A v\u00eddeo na \u00edntegra dessa Sess\u00e3o Solene est\u00e1 dispon\u00edvel aos interessados no site <a href=\"http://www.palmeira.pr.leg.br/\">www.palmeira.pr.leg.br</a> (TV C\u00c2MARA).</i></b></p>\r\n<p>\u00a0</p>", "author_name": "", "version": "1.0", "author_url": "https://www.palmeira.pr.leg.br/author/ivano", "provider_name": "C\u00e2mara Municipal de Palmeira", "type": "rich"}