{"provider_url": "https://www.palmeira.pr.leg.br", "title": "PJ realiza minicurso para eleitos nas escolas", "html": "<p><span>Vereadores jovens eleitos e suplentes participaram na tarde da \u00faltima ter\u00e7a feira (14), na C\u00e2mara Municipal, do mini-curso de capacita\u00e7\u00e3o preparat\u00f3rio para as atividades dos parlamentares durante o ano de 2017. Com aproximadamente uma hora e meia de dura\u00e7\u00e3o, foram informadas as principais fun\u00e7\u00f5es dos vereadores do Parlamento Jovem, como tamb\u00e9m, as normas do Regimento Interno do Programa.</span></p>\r\n<p><span>A Servidora Vanessa Albano explanou sobre a utilidade de leis para a organiza\u00e7\u00e3o social, a diferen\u00e7a entre os poderes Executivo, Legislativo e Judici\u00e1rio, sobre o trabalho dos vereadores e como seria o andamento do Programa Parlamento Jovem.</span></p>\r\n<p><span>Segundo a coordenadora do Programa Parlamento Jovem, as informa\u00e7\u00f5es transmitidas servir\u00e3o para que os jovens tenham conhecimento pr\u00e9vio do processo legislativo, que ser\u00e3o usados durante seus trabalhos na C\u00e2mara, como tamb\u00e9m para n\u00e3o descumprirem o Regimento Interno do Programa. \u201cQueremos que a experi\u00eancia no Parlamento Jovem seja ben\u00e9fica, tanto no quesito educativo dos jovens, para a forma\u00e7\u00e3o de lideran\u00e7as bem informadas e a produ\u00e7\u00e3o parlamentar dos estudantes auxilie as comunidades palmeirenses\u201d, comenta a coordenadora.</span></p>\r\n<p><span>Os vereadores jovens se re\u00fanem novamente, no dia 28 de mar\u00e7o, ocasi\u00e3o em que ser\u00e3o compostas as Comiss\u00f5es Permanentes e discutidas as primeiras proposi\u00e7\u00f5es feitas pelos jovens, as quais ir\u00e3o para voto no dia 30 de mar\u00e7o na 1\u00aa Sess\u00e3o Ordin\u00e1ria deliberativa do Programa. Cabe lembrar que pelo regulamento, cada vereador jovem tem a obriga\u00e7\u00e3o de protocolar pelo menos uma indica\u00e7\u00e3o ou requerimento por Sess\u00e3o do Parlamento Jovem e um projeto de lei por semestre.\u00a0</span></p>", "author_name": "", "version": "1.0", "author_url": "https://www.palmeira.pr.leg.br/author/ivano", "provider_name": "C\u00e2mara Municipal de Palmeira", "type": "rich"}