{"provider_url": "https://www.palmeira.pr.leg.br", "title": "PARLAMENTO JOVEM INICIA O CALEND\u00c1RIO 2025", "html": "<p>Com a volta \u00e0s aulas das escolas estaduais, a C\u00e2mara Municipal de Palmeira retoma tamb\u00e9m as atividades do Parlamento Jovem de Palmeira para 2025.</p>\r\n<p>Durante o m\u00eas de fevereiro, nas escolas aptas a participarem do programa, estar\u00e1 acontecendo a divulga\u00e7\u00e3o do programa e do calend\u00e1rio desse ano, sendo que os estudantes interessados de institui\u00e7\u00f5es p\u00fablicas e privadas de ensino devem registrar suas candidaturas nas escolas participantes at\u00e9 o dia 07 de mar\u00e7o.</p>\r\n<p>No dia 11 de mar\u00e7o, nas escolas, estar\u00e1 acontecendo elei\u00e7\u00f5es para escolha de seus representantes para a segunda fase onde disputar\u00e3o nove vagas como parlamentares jovens da 11\u00aa edi\u00e7\u00e3o do Programa.</p>\r\n<p>Lucas Mateus Lopes Santana, Assessor de Projetos e atual coordenador do programa, explicou que este \u00e9 o momento das escolas participantes promoverem a divulga\u00e7\u00e3o do Parlamento Jovem entre os estudantes. Em seguida, os interessados devem manifestar \u00e0 coordena\u00e7\u00e3o da institui\u00e7\u00e3o de ensino o desejo de participar: <i>\u201cOs alunos que desejarem integrar o Parlamento Jovem precisam primeiro se candidatar no per\u00edodo de 05 de fevereiro at\u00e9 07 de mar\u00e7o. Ap\u00f3s isso, ser\u00e3o escolhidos por meio do voto direto e secreto de seus colegas, em uma elei\u00e7\u00e3o que ser\u00e1 realizada nas escolas no dia 11 de mar\u00e7o\u201d,</i> destacou o coordenador. Poder\u00e3o se candidatar \u00e0 uma vaga do Programa Parlamento Jovem, estudantes devidamente matriculados em institui\u00e7\u00f5es p\u00fablicas e privadas de ensino, menores de 18 anos, que cursem do 7\u00ba ano do ensino fundamental at\u00e9 o 2\u00ba ano do ensino m\u00e9dio.\u00a0</p>\r\n<p><b>2\u00ba turno</b></p>\r\n<p>O segundo turno das elei\u00e7\u00f5es acontece no dia 13 de mar\u00e7o no Plen\u00e1rio da C\u00e2mara Municipal, onde os 15 jovens escolhidos nas escolas ter\u00e3o at\u00e9 5 minutos para explanarem sobre o tema \u201cPorque quero ser um Parlamentar Jovem\u201d. O discurso ser\u00e1 avaliado por uma banca composta por vereadores e servidores do Legislativo, que atribuir\u00e3o notas aos candidatos, e as nove melhores m\u00e9dias ocupar\u00e3o as nove cadeiras da 11\u00aa edi\u00e7\u00e3o do Parlamento Jovem, sendo que os demais ficar\u00e3o como suplentes.</p>\r\n<p>Vale salientar que, neste segundo turno, no momento da avalia\u00e7\u00e3o, os estudantes n\u00e3o poder\u00e3o usar o uniforme da institui\u00e7\u00e3o de ensino que representa, como tamb\u00e9m n\u00e3o poder\u00e3o se identificar nem pelo nome, nem o bairro ou localidade que reside, sob pena de desclassifica\u00e7\u00e3o.</p>\r\n<p>A posse dos eleitos ir\u00e1 acontecer em Sess\u00e3o Solene no dia 18 de mar\u00e7o.</p>", "author_name": "", "version": "1.0", "author_url": "https://www.palmeira.pr.leg.br/author/ivano", "provider_name": "C\u00e2mara Municipal de Palmeira", "type": "rich"}