{"provider_url": "https://www.palmeira.pr.leg.br", "title": "PARAB\u00c9NS PALMEIRA \u2013 206 ANOS", "html": "<p>Palmeira, revivamos teu passado,<br /> Tuas nobres e sublimes tradi\u00e7\u00f5es,<br /> As fases de tua vida, do teu fado,<br /> Que fulgem no explendor dos teus bras\u00f5es.</p>\r\n<p>Fa\u00e7amos das tuas gl\u00f3rias claro espelho,<br /> Rota em flor no presente e no porvir,<br /> Um missal com exemplos do evangelho<br /> Aos filhos desta terra sempre a unir.</p>\r\n<p>Lembremos tua fei\u00e7\u00e3o de lugarejo<br /> Ansioso de ser vila a ser cidade.<br /> Que assim que vislumbrou fortuito ensejo,<br /> Fez-se um recanto de felicidade.</p>\r\n<p>Chamemos \u00e0 mem\u00f3ria os ancestrais,\u00a0\u00a0\u00a0\u00a0\u00a0\u00a0\u00a0\u00a0\u00a0\u00a0\u00a0\u00a0\u00a0\u00a0\u00a0\u00a0\u00a0\u00a0\u00a0\u00a0\u00a0\u00a0\u00a0\u00a0\u00a0\u00a0\u00a0\u00a0\u00a0\u00a0\u00a0\u00a0\u00a0\u00a0\u00a0\u00a0\u00a0\u00a0\u00a0\u00a0\u00a0\u00a0\u00a0\u00a0\u00a0\u00a0\u00a0\u00a0\u00a0\u00a0\u00a0\u00a0\u00a0\u00a0 <br /> Audazes bandeirantes da grandeza,<br /> Que ao fundarem as rondas e os currais<br /> Geraram disciplina e a riqueza.</p>\r\n<p>\u00c9s sempre essa Palmeira acolhedora<br /> Que aos filhos de outras plagas propicia<br /> Fartura, bem estar e promissora<br /> Era de paz, de amor e de alegria.</p>\r\n<p>Palmeira altiva, ed\u00eanico rinc\u00e3o,<br /> Com boas aur\u00e1s tutelas nosso lar...<br /> Por isso, te erigimos um altar<br /> Florido, em festa, em nosso cora\u00e7\u00e3o!...</p>\r\n<p>\u00a0</p>\r\n<p>Dia 7 de abril de 2025 nosso munic\u00edpio festeja mais um anivers\u00e1rio, 206 anos de muitas hist\u00f3rias. \u00c0queles que fizeram, que fazem e far\u00e3o esta cidade, merecerem a nossa mais sincera admira\u00e7\u00e3o e o nosso mais profundo respeito.</p>\r\n<p>\u00a0</p>\r\n<p>Parab\u00e9ns Palmeira! Parab\u00e9ns povo Palmeirense!</p>\r\n<p align=\"center\"><b><i>\u00a0</i></b></p>\r\n<p align=\"center\"><b><i><span>Homenagem dos Vereadores de Palmeira</span></i></b></p>\r\n<p><b><i>\u00a0</i></b></p>\r\n<p><b><i>Vereador Diego Zanetti (Presidente)</i></b></p>\r\n<p><b><i>Vereador Joslei Sequineli (Vice Presidente)</i></b></p>\r\n<p><b><i>Vereadora Fabiola Mereles (Primeira Secret\u00e1ria)</i></b></p>\r\n<p><b><i>Vereador Sargento Gaio (Segundo Secret\u00e1rio)</i></b></p>\r\n<p><b><i>Vereador Gilmar Costa</i></b></p>\r\n<p><b><i>Vereador Irm\u00e3o Fabiano</i></b></p>\r\n<p><b><i>Vereador Jo\u00e3o Savi</i></b></p>\r\n<p><b><i>Vereador Lucas Santos</i></b></p>\r\n<p><b><i>Vereador Vane</i></b></p>\r\n<p>\u00a0</p>", "author_name": "", "version": "1.0", "author_url": "https://www.palmeira.pr.leg.br/author/ivano", "provider_name": "C\u00e2mara Municipal de Palmeira", "type": "rich"}