{"provider_url": "https://www.palmeira.pr.leg.br", "title": "PARAB\u00c9NS PALMEIRA \u2013 201 ANOS", "html": "<p>Hoje, dia 7 de Abril de 2020, nosso munic\u00edpio festeja mais um anivers\u00e1rio, e n\u00e3o poder\u00edamos deixar de aproveitar esta oportunidade para explanarmos um pouco sobre a hist\u00f3ria e a import\u00e2ncia do nosso munic\u00edpio.\u00a0\u00a0\u00a0\u00a0\u00a0\u00a0\u00a0\u00a0\u00a0\u00a0\u00a0\u00a0\u00a0\u00a0\u00a0\u00a0\u00a0\u00a0\u00a0\u00a0\u00a0\u00a0\u00a0\u00a0\u00a0\u00a0\u00a0\u00a0</p>\r\n<p>H\u00e1 201 anos, n\u00e3o era poss\u00edvel imaginar que ter\u00edamos aqui uma cidade. Era um pequeno povoado \u00e0 beira do Caminho das Tropas. De vez em quando chegavam os tropeiros que conduziam mulas e cargas, desde a regi\u00e3o de Viam\u00e3o, no Rio Grande do Sul, at\u00e9 Sorocaba, no estado de S\u00e3o Paulo. A rotina das tropas vinha desde meados do s\u00e9culo 17, quando tiveram in\u00edcio as longas jornadas entre o Sul do Brasil e a prov\u00edncia de S\u00e3o Paulo, em franco desenvolvimento. O ent\u00e3o cap\u00e3o da Palmeira, ponto de passagem e parada das tropas, era apenas o embri\u00e3o da cidade de hoje.</p>\r\n<p>A transforma\u00e7\u00e3o come\u00e7ou a acontecer em 1819, no dia 7 de abril daquele ano, quando o tenente Manoel Jos\u00e9 de Ara\u00fajo fez a doa\u00e7\u00e3o das terras para Nossa Senhora da Concei\u00e7\u00e3o. Ele tamb\u00e9m convenceu o padre Ant\u00f4nio Duarte dos Passos a transferir para c\u00e1 a igreja localizada no Tamandu\u00e1. Em torno da igreja em constru\u00e7\u00e3o surgiu a Freguesia Nova. Agora, 201 anos depois da doa\u00e7\u00e3o das terras, est\u00e1 aqui a cidade de Palmeira.</p>\r\n<p>Dois s\u00e9culos de hist\u00f3ria de Palmeira contada e registrada nas p\u00e1ginas de documentos e livros, de feitos e realiza\u00e7\u00f5es de vultos iminentes, de trabalho e de dedica\u00e7\u00e3o de um povo que construiu uma cidade, em paz e com a cren\u00e7a em Deus acima de tudo. E \u00e9 este povo que merece as nossas homenagens neste dia em que celebramos 201 anos de funda\u00e7\u00e3o da cidade de Palmeira, porque foi com o seu esfor\u00e7o que chegamos at\u00e9 aqui e \u00e9 com este mesmo esfor\u00e7o e empenho que avan\u00e7aremos para o futuro.</p>\r\n<p>S\u00e3o muitos os her\u00f3is an\u00f4nimos que fizeram a nossa Palmeira ser o que ela \u00e9. \u00c9 imposs\u00edvel contar quantas pessoas simples, humildes, trabalhadores incans\u00e1veis, que tra\u00e7aram ruas e caminhos, que constru\u00edram casas, que edificaram escolas, igrejas, que transportaram mercadorias, cartas, levaram e trouxeram alegrias e tristezas. Quanta gente que riu e chorou a cada conquista, que se entristeceu nos fracassos, mas que nunca desistiu de lutar. \u00c9 por essa gente, por esse povo comum, humano e sens\u00edvel, que devemos comemorar os anivers\u00e1rios de Palmeira. \u00c9 por eles que a cidade existe e \u00e9 para eles que ela continuar\u00e1 existindo e crescendo. Ao povo \u00e9 dedicado o progresso da cidade e do munic\u00edpio.</p>\r\n<p>O que temos e o que somos hoje, devemos \u00e0queles que estiveram aqui antes de n\u00f3s. N\u00e3o vamos nos esquecer que aquilo que temos e somos, deixaremos de heran\u00e7a para os nossos filhos e netos. Portanto, cada um de n\u00f3s tem uma responsabilidade muito grande. Estamos fazendo a Palmeira que ser\u00e1 das futuras gera\u00e7\u00f5es, e por isso, temos que fazer bem feito, com amor e principalmente com honra. Afinal, o presente que vamos dar deve ser melhor do que o presente que recebemos das gera\u00e7\u00f5es passadas. Que cada um tenha consci\u00eancia disso e procure sempre fazer o melhor poss\u00edvel.</p>\r\n<p>N\u00e3o vamos desanimar! N\u00e3o vamos nos deixar abater! Quando ouvirmos falar em crise, nossa obriga\u00e7\u00e3o \u00e9 trabalhar mais e melhor. Quando tentarem nos convencer que n\u00e3o existem solu\u00e7\u00f5es para os problemas, vamos estudar e encontrar as solu\u00e7\u00f5es mais inteligentes. Quando parecer que j\u00e1 n\u00e3o h\u00e1 f\u00e9, vamos invocar a Deus a sabedoria - como Salom\u00e3o no texto b\u00edblico - e com ela vamos continuar construindo a nossa cidade.</p>\r\n<p>Temos que ter orgulho da terra que nos acolhe. Podemos sim, viver algumas dificuldades, mas essas dificuldades devem ser enfrentadas com coragem, trabalho e principalmente com muita humildade. Trabalho, seriedade, transpar\u00eancia, e muito amor na terra que vivemos. \u00cb com um entusiasmo enorme que visualizamos para a nossa Palmeira dias de gl\u00f3rias.</p>\r\n<p>Hoje \u00e9 o dia da nossa Palmeira, e queremos parabenizar os Palmeirenses. \u00c0queles que fizeram, que fazem e far\u00e3o esta cidade, merecerem a nossa mais sincera admira\u00e7\u00e3o e o nosso mais profundo respeito.</p>\r\n<p>\u00a0</p>\r\n<p align=\"center\">Parab\u00e9ns Palmeira! Parab\u00e9ns povo Palmeirense!</p>\r\n<p align=\"center\">\u00a0</p>\r\n<p align=\"center\"><b><i><span>Homenagem dos Vereadores de Palmeira</span></i></b></p>\r\n<p><b><i>\u00a0</i></b></p>\r\n<p><b><i>Vereador Domingos Everaldo Kuhn (Presidente)</i></b></p>\r\n<p><b><i>Vereador Arildo Santos Zaleski (Vice Presidente)</i></b></p>\r\n<p><b><i>Vereador Anselmo H. Os\u00f3rio (Primeiro Secret\u00e1rio)</i></b></p>\r\n<p><b><i>Vereador Marcos Ribas (Segundo Secret\u00e1rio)</i></b></p>\r\n<p><b><i>Vereador Denis Sanson</i></b></p>\r\n<p><b><i>Vereador Jo\u00e3o Savi</i></b></p>\r\n<p><b><i>Vereador Jo\u00e3o Alberto Ferreira da Costa</i></b></p>\r\n<p><b><i>Vereador Rog\u00e9rio Czelusniak</i></b></p>\r\n<p><b><i>Vereador Gilmar Costa</i></b></p>\r\n<p>\u00a0</p>", "author_name": "", "version": "1.0", "author_url": "https://www.palmeira.pr.leg.br/author/ivano", "provider_name": "C\u00e2mara Municipal de Palmeira", "type": "rich"}