{"provider_url": "https://www.palmeira.pr.leg.br", "title": "M\u00e3os EmPENHAdas realizou primeiro evento ", "html": "<p>Tendo como local o plen\u00e1rio da C\u00e2mara Municipal de Palmeira, sob a responsabilidade da Procuradoria da Mulher e da Secretaria Municipal de Sa\u00fade, no \u00faltimo dia 23 de outubro aconteceu a primeira edi\u00e7\u00e3o do Programa M\u00e3os EmPENHAdas, que visa a capacita\u00e7\u00e3o de profissionais da \u00e1rea da beleza e est\u00e9tica, para que se qualifiquem como agentes multiplicadores de informa\u00e7\u00e3o para identifica\u00e7\u00e3o e orienta\u00e7\u00e3o de suas clientes na forma de denunciar e combater a viol\u00eancia dom\u00e9stica. Esse programa foi sugest\u00e3o da parlamentar jovem Sofia Voichicoski da Silva, e encampada pelo vereador padrinho Gilberto Rogaski que transformou essa ideia em Anteprojeto de Lei. </p>\r\n<p>O evento ocorreu ainda em alus\u00e3o ao dia 25 de outubro \u2013 Dia Municipal do Combate \u00e0 Viol\u00eancia Contra a Mulher, onde a Procuradoria da Mulher e Secretaria Municipal de Sa\u00fade propiciaram aos profissionais da beleza e est\u00e9tica, momento de reflex\u00e3o com a palestra \u201cViol\u00eancia contra a mulher, como identificar e combater?\u201d ministrada pela Assistente Social Cristina Mezzadri e pela Procuradora Jur\u00eddica da C\u00e2mara Municipal Dra. Anna Carolina Amorim da Costa. </p>\r\n<p>O evento contou com as presen\u00e7as, al\u00e9m de profissionais do ramo da beleza e est\u00e9tica, do Prefeito Municipal S\u00e9rgio Belich, do Vereador Gilberto Rogalski, da Parlamentar Jovem Sofia Voicicoski da Silva, da Secret\u00e1ria Municipal de Sa\u00fade Ana Paula Ferreira Marques, e de servidores da sa\u00fade e da equipe da Procuradoria da Mulher. </p>\r\n<p>O evento foi uma grande a\u00e7\u00e3o em conjunto do Poder Legislativo e Executivo para levar conscientiza\u00e7\u00e3o e um recado muito importante a toda sociedade:\u00a0\u201c\u00c9 dever de toda a sociedade denunciar a viol\u00eancia contra a mulher\u201d.</p>", "author_name": "", "version": "1.0", "author_url": "https://www.palmeira.pr.leg.br/author/ivano", "provider_name": "C\u00e2mara Municipal de Palmeira", "type": "rich"}