{"provider_url": "https://www.palmeira.pr.leg.br", "title": "Sess\u00e3o Extraordin\u00e1ria", "html": "<p>Nesta quinta-feira (07), aconteceu na sede da C\u00e2mara Municipal de Palmeira, Sess\u00e3o Extraordin\u00e1ria, tendo registrado a aus\u00eancia justificada dos Vereadores Arildo Santos Zaleski e Marcos Ribas.</p>\r\n<p>Foram apreciados e aprovados em 2\u00aa discuss\u00e3o os Projetos de Lei 5395, 5396 e 5398, os quais autorizam a abertura de cr\u00e9dito adicional suplementar e d\u00e1 outras provid\u00eancias. Os projetos foram aprovados em definitivo por unanimidade de votos, e ap\u00f3s, ser\u00e3o encaminhados \u00e0 san\u00e7\u00e3o do Prefeito Municipal.</p>", "author_name": "mariane", "version": "1.0", "author_url": "https://www.palmeira.pr.leg.br/author/mariane", "provider_name": "C\u00e2mara Municipal de Palmeira", "type": "rich"}