{"provider_url": "https://www.palmeira.pr.leg.br", "title": "Pr\u00eamio Cidade Clima do Brasil", "html": "<p>Na noite de quinta-feira (12/12), na Sede da C\u00e2mara Municipal de Palmeira, aconteceu sess\u00e3o solene para entrega do Pr\u00eamio Cidade Clima do Brasil.</p>\r\n<p>Esta honraria foi institu\u00edda pela Lei Municipal N\u00ba 2.378, de 14 de junho de 2005, e tem o objetivo de homenagear empresas ou pessoas que se destacam em suas atividades.</p>\r\n<p>Na edi\u00e7\u00e3o de 2019, os premiados foram os seguintes:</p>\r\n<p class=\"Default\"><b>FRANCISCO FRANCO DA LUZ</b></p>\r\n<p class=\"Default\"><b>IGOR HENRIQUE MICHALSKI MOREIRA</b></p>\r\n<p class=\"Default\"><b>JOS\u00c9 ANT\u00d4NIO BORDIGNON NETO</b></p>\r\n<p class=\"Default\"><b>LABORAT\u00d3RIO CORREIA &amp; MORAES MEDICINA DIAGN\u00d3STICA</b></p>\r\n<p class=\"Default\"><b>MAJOR JONATAS BOAVENTURA SCHULLI</b></p>\r\n<p class=\"Default\"><b>ORLANDO CORDEIRO</b></p>\r\n<p class=\"Default\"><b>ROBERTO REVELINO DA SILVA</b></p>\r\n<p>O plen\u00e1rio da C\u00e2mara Municipal esteve lotado, e no final o Presidente do Legislativo Municipal Vereador Domingos Everaldo Kuhn agradeceu a todos pela presen\u00e7a e, aos homenageados, agradeceu por suas exist\u00eancias e por serem exemplos de trabalho para a querida Palmeira.\u00a0</p>", "author_name": "mariane", "version": "1.0", "author_url": "https://www.palmeira.pr.leg.br/author/mariane", "provider_name": "C\u00e2mara Municipal de Palmeira", "type": "rich"}