{"provider_url": "https://www.palmeira.pr.leg.br", "title": "7\u00aa Sess\u00e3o Ordin\u00e1ria", "html": "<p>Nesta ter\u00e7a-feira (17/03) aconteceu na sede da C\u00e2mara Municipal de Palmeira, a s\u00e9tima Sess\u00e3o Ordin\u00e1ria de 2020, tendo registrado a aus\u00eancia do vereador Anselmo H. Os\u00f3rio por motivo justificado.</p>\r\n<p><b>EXPEDIENTE</b></p>\r\n<p>No expediente da Sess\u00e3o foram lidos 07 Projetos de Lei e 01 Projeto de Decreto Legislativo.</p>\r\n<p>Usou a tribuna para pronunciamento o vereador Jo\u00e3o Alberto Ferreira da Costa (Sa\u00fade/Emenda C\u00f3digo de Posturas).</p>\r\n<p><b>ORDEM DO DIA</b></p>\r\n<p>Em discuss\u00e3o \u00fanica foi aprovado o Requerimento 28/2020, as Indica\u00e7\u00f5es 13 e 14/2020. A Emenda Protocolada sob o n\u00ba 960/2019 teve sua discuss\u00e3o adiada pelo prazo de 10 dias, atendendo requerimento do Vereador Jo\u00e3o Alberto Ferreira da Costa e aprovado pelo plen\u00e1rio.</p>\r\n<p>Em 2\u00aa discuss\u00e3o foram aprovados os Projetos de Lei 5449, 5450, 5451, 5452, 5453, 5454, 5455, 5456 e 5457. J\u00e1 o Projeto de Lei Complementar n\u00ba 18/2019, em raz\u00e3o do adiamento da discuss\u00e3o da Emenda n\u00ba 960/2019 foi retirado da pauta.</p>\r\n<p>Em 1\u00aa discuss\u00e3o foram aprovados os Projetos de Lei 5458, 5459, 5460, 5461, 5462, e 5463.</p>\r\n<p><b>EXPLICA\u00c7\u00c3O PESSOAL</b></p>\r\n<p>Inscritos em explica\u00e7\u00e3o pessoal, usaram da palavra os vereadores Denis Sanson (Sa\u00fade) e Marcos Ribas (Coronav\u00edrus).</p>\r\n<p><b>PALAVRA DO PRESIDENTE</b></p>\r\n<p>O presidente vereador Domingos Everaldo Kuhn, antes de encerrar a sess\u00e3o, convocou os senhores vereadores para Sess\u00f5es de Julgamento das Contas do Poder Executivo Municipal, referentes ao exerc\u00edcio financeiro de 2017, nos dias 8 e 14 de abril, \u00e0s 20:30 horas, nas quais ser\u00e1 apreciado o Projeto de Decreto Legislativo n\u00ba 712/2020, em 1\u00aa e 2\u00aa discuss\u00e3o, respectivamente.</p>\r\n<p>Ainda discorreu sobre assuntos abordados durante a sess\u00e3o. Comentou sobre o assunto delicado que no momento \u00e9 uma preocupa\u00e7\u00e3o geral da pandemia do coronav\u00edrus, dizendo que estamos todos no mesmo barco, e que devemos todos rezar e pedir a miseric\u00f3rdia de Deus. O Presidente est\u00e1 preocupado com as escolas, empresas, e os preju\u00edzos que todos ter\u00e3o.</p>\r\n<p>Finalizando sua fala, e dizendo respeito ao assunto levantado na sess\u00e3o sobre as dificuldades do Hospital Santa Casa, afirmou: \u201cA situa\u00e7\u00e3o do Hospital vai ser resolvida\u201d.</p>\r\n<p><b>A pr\u00f3xima sess\u00e3o ordin\u00e1ria acontecer\u00e1 na ter\u00e7a-feira (24/03), no hor\u00e1rio regimental de 19 horas, sendo que todos ter\u00e3o acesso \u00e0 convoca\u00e7\u00e3o da Ordem do Dia no site oficial da C\u00e2mara Municipal (<a href=\"http://www.palmeira.pr.leg.br/\">www.palmeira.pr.leg.br</a>).</b></p>", "author_name": "mariane", "version": "1.0", "author_url": "https://www.palmeira.pr.leg.br/author/mariane", "provider_name": "C\u00e2mara Municipal de Palmeira", "type": "rich"}