{"provider_url": "https://www.palmeira.pr.leg.br", "title": "6\u00aa Sess\u00e3o Ordin\u00e1ria", "html": "<p>Nesta ter\u00e7a-feira (10/03) aconteceu na sede da C\u00e2mara Municipal de Palmeira, a sexta Sess\u00e3o Ordin\u00e1ria de 2020, tendo registrado as aus\u00eancias dos vereadores Arildo Santos Zaleski e Anselmo H. Os\u00f3rio por motivo justificado (cirurgia).</p>\r\n<p><b>EXPEDIENTE</b></p>\r\n<p>No expediente da Sess\u00e3o foram lidos 05 Requerimentos, 02 Indica\u00e7\u00f5es, e 06 Projetos de Lei.</p>\r\n<p><b>ORDEM DO DIA</b></p>\r\n<p>Em discuss\u00e3o \u00fanica foram aprovados os Requerimentos 21, 23, 24, 25, 26 e 27/2020, e as Indica\u00e7\u00f5es 07, 08, 09, 10, 11 e 12/2020.</p>\r\n<p>Em 1\u00aa discuss\u00e3o foram aprovados os Projetos de Lei 5449, 5450, 5451, 5452, 5453, 5454, 5455, 5456 e 5457/2020.</p>\r\n<p><b>EXPLICA\u00c7\u00c3O PESSOAL</b></p>\r\n<p>Inscritos em explica\u00e7\u00e3o pessoal, usaram da palavra os vereadores Jo\u00e3o Alberto F. da Costa (requerimento 21/2020) e Gilmar Costa (estradas do interior).</p>\r\n<p><b>PALAVRA DO PRESIDENTE</b></p>\r\n<p>O presidente vereador Domingos Everaldo Kuhn, antes de encerrar a sess\u00e3o, discorreu sobre o requerimento 21/2020, de autoria da comiss\u00e3o de Educa\u00e7\u00e3o, Cultura, Bem Estar Social e Meio Ambiente, que trata do encaminhamento de R$ 300.000,00 ao Poder Executivo, com a finalidade de refor\u00e7ar as transfer\u00eancias na forma de subven\u00e7\u00e3o social \u00e0 Santa Casa de Sa\u00fade de Palmeira. Disse que n\u00e3o se pode correr o risco de algu\u00e9m ser punido pelo Tribunal de Contas por algo que n\u00e3o condiga com a lei. Que num passado pr\u00f3ximo esse Legislativo j\u00e1 efetuou tamb\u00e9m um repasse que foi importante para a sobreviv\u00eancia da Santa Casa, e que isso \u00e9 resultado de uma C\u00e2mara de Vereadores enxuta. Disse ainda que tamb\u00e9m se deve ter cuidado com a opini\u00e3o p\u00fablica.</p>\r\n<p>Finalizando sua fala, lamentou a situa\u00e7\u00e3o cr\u00edtica do Hospital Bom Jesus de Ponta Grossa, que est\u00e1 prestes a paralisar o atendimento ao p\u00fablico, lembrando das in\u00fameras pessoas que j\u00e1 encaminhou para atendimento nessa institui\u00e7\u00e3o hospitalar.</p>\r\n<p><b>A pr\u00f3xima sess\u00e3o ordin\u00e1ria acontecer\u00e1 na ter\u00e7a-feira (17/03), no hor\u00e1rio regimental de 19 horas, sendo que todos ter\u00e3o acesso \u00e0 convoca\u00e7\u00e3o da Ordem do Dia no site oficial da C\u00e2mara Municipal (<a href=\"http://www.palmeira.pr.leg.br/\">www.palmeira.pr.leg.br</a>).</b></p>", "author_name": "mariane", "version": "1.0", "author_url": "https://www.palmeira.pr.leg.br/author/mariane", "provider_name": "C\u00e2mara Municipal de Palmeira", "type": "rich"}