{"provider_url": "https://www.palmeira.pr.leg.br", "title": "5\u00aa Sess\u00e3o Ordin\u00e1ria", "html": "<p>Nesta ter\u00e7a-feira (03/03) aconteceu na sede da C\u00e2mara Municipal de Palmeira, a quinta Sess\u00e3o Ordin\u00e1ria de 2020, tendo registrado a presen\u00e7a de todos os vereadores.</p>\r\n<p><b>EXPEDIENTE</b></p>\r\n<p>No expediente da Sess\u00e3o foram lidos 03 Requerimentos, 06 Indica\u00e7\u00f5es, 09 Projetos de Lei, 01 Projeto de Lei Complementar, e 04 Emendas a Projetos de Lei Complementar.</p>\r\n<p>Usou a tribuna para pronunciamento o vereador Jo\u00e3o Alberto F. da Costa (sa\u00fade p\u00fablica).</p>\r\n<p><b>ORDEM DO DIA</b></p>\r\n<p>Em discuss\u00e3o \u00fanica foram aprovados os Requerimentos 18, 20, 22/2020, e a Indica\u00e7\u00e3o 06/2020.</p>\r\n<p>Em 2\u00aa discuss\u00e3o foram aprovados os Projetos de Lei 5442, 5443 e 5444.</p>\r\n<p>O Projeto de Lei 5421 tamb\u00e9m pautado em 2\u00aa discuss\u00e3o, teve aprovado requerimento de adiamento da discuss\u00e3o por 30 dias, formulado pelo vereador Denis Sanson.</p>\r\n<p><b>EXPLICA\u00c7\u00c3O PESSOAL</b></p>\r\n<p>Inscritos em explica\u00e7\u00e3o pessoal, usaram da palavra os vereadores Denis Sanson (esclarecimentos) e Anselmo H. Os\u00f3rio (visitas ilustres).</p>\r\n<p><b>PALAVRA DO PRESIDENTE</b></p>\r\n<p>O presidente vereador Domingos Everaldo Kuhn, antes de encerrar a sess\u00e3o, entregou aos vereadores a presta\u00e7\u00e3o de contas do Legislativo Municipal referente ao m\u00eas de fevereiro de 2020, e agradeceu aos vereadores que atenderam a convoca\u00e7\u00e3o e estiveram presentes na reuni\u00e3o com os m\u00e9dicos efetivos do munic\u00edpio.</p>\r\n<p>Tamb\u00e9m convidou os vereadores para reuni\u00e3o com a dire\u00e7\u00e3o da Santa Casa de Miseric\u00f3rdia de Palmeira no dia 04/03, e para Audi\u00eancia P\u00fablica no dia 05/03 para discuss\u00e3o de Projetos de Lei de altera\u00e7\u00f5es no Plano Diretor Municipal.</p>\r\n<p>Finalizando sua fala, discorreu sobre alguns assuntos tratados na presente sess\u00e3o.</p>\r\n<p><b>A pr\u00f3xima sess\u00e3o ordin\u00e1ria acontecer\u00e1 na ter\u00e7a-feira (10/03), no hor\u00e1rio regimental de 19 horas, sendo que todos ter\u00e3o acesso \u00e0 convoca\u00e7\u00e3o da Ordem do Dia no site oficial da C\u00e2mara Municipal (<a href=\"http://www.palmeira.pr.leg.br/\">www.palmeira.pr.leg.br</a>).</b></p>", "author_name": "mariane", "version": "1.0", "author_url": "https://www.palmeira.pr.leg.br/author/mariane", "provider_name": "C\u00e2mara Municipal de Palmeira", "type": "rich"}