{"provider_url": "https://www.palmeira.pr.leg.br", "title": "47\u00aa Sess\u00e3o Ordin\u00e1ria", "html": "<p>Nesta quinta-feira (26/12) aconteceu na sede da C\u00e2mara Municipal de Palmeira, a quadrag\u00e9sima s\u00e9tima Sess\u00e3o Ordin\u00e1ria de 2019, tendo registrado a aus\u00eancia do vereador Arildo Santos Zaleski.</p>\r\n<p><b>EXPEDIENTE</b></p>\r\n<p>No expediente da Sess\u00e3o foram lidos 01 Mo\u00e7\u00e3o, 01 Indica\u00e7\u00e3o e 02 Emendas.</p>\r\n<p>Usou a tribuna para pronunciamento o vereador Jo\u00e3o Alberto Ferreira da Costa (Projetos 1046 e 1049).</p>\r\n<p><b>ORDEM DO DIA</b></p>\r\n<p>Em discuss\u00e3o \u00fanica foram aprovados os Requerimentos 1016, 1048, 1049, as Indica\u00e7\u00f5es 115 e 116, e a Emenda Substitutiva n\u00ba 1046.</p>\r\n<p>Em 2\u00aa discuss\u00e3o foram aprovados os Projetos de Lei 5416, 5417, 5420 e 5423.</p>\r\n<p>O projeto de Lei 5421 teve aprovado requerimento verbal de adiamento da discuss\u00e3o pelo prazo de 30 dias, formulado pelo vereador Rog\u00e9rio Czelusniak.</p>\r\n<p>J\u00e1 os Projetos de Lei 5419 e 5422, em raz\u00e3o da apresenta\u00e7\u00e3o pelo vereador Denis Sanson de Emendas Supressivas, foram retirados da pauta de vota\u00e7\u00f5es.</p>\r\n<p>O vereador Jo\u00e3o Alberto Ferreira da Costa formulou Quest\u00e3o de Ordem, questionando a retirada da pauta de vota\u00e7\u00f5es dos Projetos de Lei 5419 e 5422, alertando ao Vereador Denis Sanson, autor das referidas emendas que protelaram a discuss\u00e3o dos mesmos, o preju\u00edzo que ir\u00e1 causar \u00e0 totalidade dos servidores p\u00fablicos municipais, haja visto ser a \u00faltima sess\u00e3o do ano de 2019, sendo que os projetos ser\u00e3o analisados somente em fevereiro de 2020, devido ao recesso legislativo. Esses projetos preveem a recomposi\u00e7\u00e3o salarial \u00fanica de 3,37% a t\u00edtulo de perda inflacion\u00e1ria aos servidores efetivos ativos e inativos, detentores de emprego p\u00fablico e comissionados, e recomposi\u00e7\u00e3o salarial \u00fanica de 6,20% a t\u00edtulo de perda inflacion\u00e1ria aos servidores pertencentes ao Quadro Pr\u00f3prio do Magist\u00e9rio Municipal.</p>\r\n<p><b>EXPLICA\u00c7\u00c3O PESSOAL</b></p>\r\n<p>Inscrito em explica\u00e7\u00e3o pessoal, usou da palavra o vereador Anselmo H. Os\u00f3rio (Felicita\u00e7\u00f5es).</p>\r\n<p><b>PALAVRA DO PRESIDENTE</b></p>\r\n<p>O presidente vereador Domingos Everaldo Kuhn, antes de encerrar a sess\u00e3o, deu conhecimento aos vereadores dos valores devolvidos durante o exerc\u00edcio de 2019 a t\u00edtulo de sobra do repasse do duod\u00e9cimo 2019.</p>\r\n<p>Ainda desejou em r\u00e1pidas palavras um Feliz Ano de 2020 a todos os palmeirenses.</p>\r\n<p>Finalizando sua fala, anunciou aos vereadores que no m\u00eas de janeiro de 2020 a C\u00e2mara Municipal estar\u00e1 em recesso legislativo, conforme o Artigo 3\u00ba, \u00a7 1\u00ba do Regimento Interno, sendo que a 1\u00aa Sess\u00e3o Ordin\u00e1ria da 4\u00aa Sess\u00e3o Legislativa da 17\u00aa Legislatura acontecer\u00e1 no dia 4 de fevereiro de 2020 no hor\u00e1rio regimental. \u00a0\u00a0</p>", "author_name": "mariane", "version": "1.0", "author_url": "https://www.palmeira.pr.leg.br/author/mariane", "provider_name": "C\u00e2mara Municipal de Palmeira", "type": "rich"}