{"provider_url": "https://www.palmeira.pr.leg.br", "title": "46\u00aa Sess\u00e3o Ordin\u00e1ria", "html": "<p>Nesta ter\u00e7a-feira (17/12) aconteceu na sede da C\u00e2mara Municipal de Palmeira, a quadrag\u00e9sima sexta Sess\u00e3o Ordin\u00e1ria de 2019, tendo registrado a presen\u00e7a de todos os vereadores.</p>\r\n<p><b>EXPEDIENTE</b></p>\r\n<p>No expediente da Sess\u00e3o foram lidos 01 Emenda, 02 Indica\u00e7\u00f5es, 01 Mo\u00e7\u00e3o e 02 Requerimentos.</p>\r\n<p>Usou a tribuna para pronunciamento o vereador Anselmo H. Os\u00f3rio (Filme Canal Netflix).</p>\r\n<p><b>ORDEM DO DIA</b></p>\r\n<p>Em discuss\u00e3o \u00fanica foram aprovados o Requerimento 1018, a Indica\u00e7\u00e3o 114, e a Emenda 1017/2019. J\u00e1 a Emenda 1003/2019 foi rejeitada.</p>\r\n<p>Em 2\u00aa discuss\u00e3o foram aprovados os Projetos de Lei 5402, 5414, 5415, e o Projeto de Lei Complementar 22.</p>\r\n<p>Em 1\u00aa discuss\u00e3o foram aprovados os Projetos de Lei 5416, 5417, 5418, 5419, 5420, 5421, 5422 e 5423.</p>\r\n<p><b>EXPLICA\u00c7\u00c3O PESSOAL</b></p>\r\n<p>Inscritos em explica\u00e7\u00e3o pessoal, usaram da palavra os vereadores Jo\u00e3o Savi (Sa\u00fade), Anselmo H. Os\u00f3rio (Subs\u00eddio Agentes Pol\u00edticos) e Marcos Ribas (Quadras de Esportes).</p>\r\n<p><b>PALAVRA DO PRESIDENTE</b></p>\r\n<p>O presidente vereador Domingos Everaldo Kuhn, antes de encerrar a sess\u00e3o, comunicou aos senhores vereadores que no dia 18/12, \u00e0s 19 horas, conforme convoca\u00e7\u00e3o, ser\u00e1 realizada Sess\u00e3o Extraordin\u00e1ria para 2\u00aa discuss\u00e3o dos Projetos de Lei 5418 e 5425.</p>\r\n<p>Tamb\u00e9m exaltou o evento que participou no dia 16, na entrega oficial da UTI m\u00f3vel ao munic\u00edpio de Palmeira.</p>\r\n<p>Finalizando sua fala, relatou aos presentes que como Presidente tem a incumb\u00eancia de fazer cumprir o Regimento Interno, se referindo \u00e0 atitude desrespeitosa de pessoa presente na sess\u00e3o, infligindo o que rege o Artigo 187 do Regimento Interno.</p>\r\n<p>\u00a0</p>\r\n<p><b>A pr\u00f3xima sess\u00e3o ordin\u00e1ria acontecer\u00e1 na quinta-feira (26/12), no hor\u00e1rio regimental de 19 horas, sendo que todos ter\u00e3o acesso \u00e0 convoca\u00e7\u00e3o da Ordem do Dia no site oficial da C\u00e2mara Municipal (<a href=\"http://www.palmeira.pr.leg.br/\">www.palmeira.pr.leg.br</a>).</b></p>", "author_name": "mariane", "version": "1.0", "author_url": "https://www.palmeira.pr.leg.br/author/mariane", "provider_name": "C\u00e2mara Municipal de Palmeira", "type": "rich"}