{"provider_url": "https://www.palmeira.pr.leg.br", "title": "45\u00aa Sess\u00e3o Ordin\u00e1ria", "html": "<p>Nesta ter\u00e7a-feira (10/12) aconteceu na sede da C\u00e2mara Municipal de Palmeira, a quadrag\u00e9sima quinta Sess\u00e3o Ordin\u00e1ria de 2019, tendo registrado a presen\u00e7a de todos os vereadores.</p>\r\n<p><b>EXPEDIENTE</b></p>\r\n<p>No expediente da Sess\u00e3o foram lidos 09 Projetos de Lei, 01 Emenda, 01 Indica\u00e7\u00e3o e 05 Requerimentos.</p>\r\n<p>Ainda foi recebido do Tribunal de Contas do Estado do Paran\u00e1 o Of\u00edcio n\u00ba 2495/2019, encaminhando o parecer pr\u00e9vio da presta\u00e7\u00e3o de contas do Poder Executivo Municipal do Exerc\u00edcio Financeiro de 2017.</p>\r\n<p>Usaram a tribuna para pronunciamentos os vereadores Denis Sanson (diversos) e Jo\u00e3o Alberto F. da Costa (d\u00edvidas/c\u00f3digo de posturas/sa\u00fade).</p>\r\n<p><b>ORDEM DO DIA</b></p>\r\n<p>Em discuss\u00e3o \u00fanica foram aprovados os Requerimentos 988, 989, 990, 991, 992, e as Indica\u00e7\u00f5es 112 e 113/2019.</p>\r\n<p>Em 2\u00aa discuss\u00e3o foram aprovados os Projetos de Lei 5405, 5406, 5407, 5408, 5409, 5410, 5411, 5412 e 5413.</p>\r\n<p>Em 1\u00aa discuss\u00e3o foram aprovados os Projetos de Lei 5402, 5414, 5415, e o Projeto de Lei Complementar n\u00ba 22.</p>\r\n<p><b>EXPLICA\u00c7\u00c3O PESSOAL</b></p>\r\n<p>Inscritos em explica\u00e7\u00e3o pessoal, usaram da palavra os vereadores Jo\u00e3o Alberto F. da Costa (fiscaliza\u00e7\u00e3o), Denis Sanson (resposta), Marcos Ribas (RPPS e IMASP) e Anselmo H. Os\u00f3rio (lombadas/projetos/sa\u00fade).</p>\r\n<p><b>PALAVRA DO PRESIDENTE</b></p>\r\n<p>O presidente vereador Domingos Everaldo Kuhn, antes de encerrar a sess\u00e3o, agradeceu ao p\u00fablico presente, dizendo estar alegre com a casa cheia.</p>\r\n<p>Finalizando sua fala, comunicou aos vereadores que na quinta feira (12), \u00e0s 19 horas, ser\u00e1 realizada Sess\u00e3o Solene para entrega do Pr\u00eamio Cidade Clima do Brasil.</p>\r\n<p>\u00a0</p>\r\n<p><b>A pr\u00f3xima sess\u00e3o ordin\u00e1ria acontecer\u00e1 na ter\u00e7a-feira (17/12), no hor\u00e1rio regimental de 19 horas, sendo que todos ter\u00e3o acesso \u00e0 convoca\u00e7\u00e3o da Ordem do Dia no site oficial da C\u00e2mara Municipal (<a href=\"http://www.palmeira.pr.leg.br/\">www.palmeira.pr.leg.br</a>).</b></p>", "author_name": "mariane", "version": "1.0", "author_url": "https://www.palmeira.pr.leg.br/author/mariane", "provider_name": "C\u00e2mara Municipal de Palmeira", "type": "rich"}