{"provider_url": "https://www.palmeira.pr.leg.br", "title": "43\u00aa Sess\u00e3o Ordin\u00e1ria", "html": "<p>Nesta ter\u00e7a-feira (26/11) aconteceu na sede da C\u00e2mara Municipal de Palmeira, a quadrag\u00e9sima terceira Sess\u00e3o Ordin\u00e1ria de 2019, tendo registrado a presen\u00e7a de todos os vereadores.</p>\r\n<p><b>EXPEDIENTE</b></p>\r\n<p>No expediente da Sess\u00e3o foram lidos 10 Projetos de Lei, 03 Requerimentos e 01 Emenda.</p>\r\n<p><b>ORDEM DO DIA</b></p>\r\n<p>Em discuss\u00e3o \u00fanica foram aprovados os Requerimentos 933, 934 e 935/2019, e as Indica\u00e7\u00f5es 109, 110 e 111/2019.</p>\r\n<p>Em 2\u00aa discuss\u00e3o foram aprovados os Projetos de Lei Complementar 12, 13, 20; o Projeto de Resolu\u00e7\u00e3o 138 e os Projetos de Lei 5400 e 5401.</p>\r\n<p>Em raz\u00e3o da apresenta\u00e7\u00e3o de emenda aditiva ao Projeto de Lei Complementar 10/2019, protocolada sob n\u00ba 952/2019, o mesmo foi retirado da pauta de vota\u00e7\u00f5es.</p>\r\n<p>Em 1\u00aa discuss\u00e3o foram aprovados os Projetos de Lei Complementar 18, 19, e os Projetos de Lei 5399 e 5403.</p>\r\n<p><b>EXPLICA\u00c7\u00c3O PESSOAL</b></p>\r\n<p>Inscrito em explica\u00e7\u00e3o pessoal, usou da palavra o vereador Marcos Ribas (Sanepar).</p>\r\n<p><b>PALAVRA DO PRESIDENTE</b></p>\r\n<p>O presidente vereador Domingos Everaldo Kuhn, antes de encerrar a sess\u00e3o, discorreu sobre a explica\u00e7\u00e3o pessoal do Vereador Marcos Ribas e enfatizou a import\u00e2ncia d\u00e1 \u00e1gua para a popula\u00e7\u00e3o. Finalizando sua fala, lembrou-os que no dia 03 de dezembro \u00e0s 14 horas, ter\u00e1 palestra da Escola do Legislativo com o tema a import\u00e2ncia da pol\u00edtica.</p>\r\n<p><b>\u00a0</b></p>\r\n<p><b>A pr\u00f3xima sess\u00e3o ordin\u00e1ria acontecer\u00e1 na ter\u00e7a-feira (03/12), no hor\u00e1rio regimental de 19 horas, sendo que todos ter\u00e3o acesso \u00e0 convoca\u00e7\u00e3o da Ordem do Dia no site oficial da C\u00e2mara Municipal (<a href=\"http://www.palmeira.pr.leg.br/\">www.palmeira.pr.leg.br</a>).</b></p>", "author_name": "mariane", "version": "1.0", "author_url": "https://www.palmeira.pr.leg.br/author/mariane", "provider_name": "C\u00e2mara Municipal de Palmeira", "type": "rich"}