{"provider_url": "https://www.palmeira.pr.leg.br", "title": "42\u00aa Sess\u00e3o Ordin\u00e1ria", "html": "<p>Nesta ter\u00e7a-feira (19/11) aconteceu na sede da C\u00e2mara Municipal de Palmeira, a quadrag\u00e9sima segunda Sess\u00e3o Ordin\u00e1ria de 2019, tendo registrado a presen\u00e7a de todos os vereadores.</p>\r\n<p><b>EXPEDIENTE</b></p>\r\n<p>No expediente da Sess\u00e3o foram lidos 01 Projeto de Lei, 04 Requerimentos e 03 Indica\u00e7\u00f5es.</p>\r\n<p>Usou a tribuna para pronunciamento o vereador Gilmar Costa (indica\u00e7\u00e3o).</p>\r\n<p><b>ORDEM DO DIA</b></p>\r\n<p>Em discuss\u00e3o \u00fanica foram aprovados os Requerimentos 894, 897, 898, 899, 900, a Indica\u00e7\u00e3o 108, e as Emendas 879, 880, 881, 882, 883, 884, 885, 886, 887, 892 e 893.</p>\r\n<p>Em 2\u00aa discuss\u00e3o foram aprovados os Projetos de Lei Complementar 15, 16, e o Substitutivo ao Projeto de Lei 5391. J\u00e1 o Projeto de Lei Complementar 17 teve sua discuss\u00e3o adiada pelo prazo de 10 dias, conforme requerimento verbal formulado pelo vereador Jo\u00e3o Alberto F. da Costa, aprovado pelo plen\u00e1rio.</p>\r\n<p>Em 1\u00aa discuss\u00e3o foram aprovados os Projetos de Lei 5400, 5401, e os Projetos de Lei Complementar 9, 10, 12, 13 e 20, sendo que o Projeto de Lei Complementar 18 teve sua discuss\u00e3o adiada pelo prazo de 5 dias, atendendo requerimento verbal aprovado pelo plen\u00e1rio e formulado pelo vereador Denis Sanson.</p>\r\n<p><b>EXPLICA\u00c7\u00c3O PESSOAL</b></p>\r\n<p>Inscrito em explica\u00e7\u00e3o pessoal, usou da palavra o vereador Marcos Ribas (Contrato Sanepar).</p>\r\n<p><b>\u00a0</b></p>\r\n<p><b>A pr\u00f3xima sess\u00e3o ordin\u00e1ria acontecer\u00e1 na ter\u00e7a-feira (26/11), no hor\u00e1rio regimental de 19 horas, sendo que todos ter\u00e3o acesso \u00e0 convoca\u00e7\u00e3o da Ordem do Dia no site oficial da C\u00e2mara Municipal (<a href=\"http://www.palmeira.pr.leg.br/\">www.palmeira.pr.leg.br</a>).</b></p>", "author_name": "mariane", "version": "1.0", "author_url": "https://www.palmeira.pr.leg.br/author/mariane", "provider_name": "C\u00e2mara Municipal de Palmeira", "type": "rich"}