{"provider_url": "https://www.palmeira.pr.leg.br", "title": "41\u00aa Sess\u00e3o Ordin\u00e1ria", "html": "<p>Nesta ter\u00e7a-feira (12/11) aconteceu na sede da C\u00e2mara Municipal de Palmeira, a quadrag\u00e9sima primeira Sess\u00e3o Ordin\u00e1ria de 2019, tendo registrado a presen\u00e7a de todos os vereadores.</p>\r\n<p><b>EXPEDIENTE</b></p>\r\n<p>No expediente da Sess\u00e3o foram lidos 04 Projetos de Lei, 01 Requerimento, 01 Indica\u00e7\u00e3o e 11 Emendas.</p>\r\n<p>Usou a tribuna para pronunciamento o vereador Rog\u00e9rio Czelusniak (indica\u00e7\u00e3o).</p>\r\n<p><b>ORDEM DO DIA</b></p>\r\n<p>Em discuss\u00e3o \u00fanica foram aprovadas as Indica\u00e7\u00f5es 106 e 107/2019.</p>\r\n<p>Em 2\u00aa discuss\u00e3o foram aprovados os Projetos de Lei 5390, 5392, 5393, 5394 e 5397.</p>\r\n<p>J\u00e1 o Projeto de Resolu\u00e7\u00e3o 138/2019 teve sua discuss\u00e3o adiada pelo prazo de 10 dias, conforme requerimento verbal formulado pelo vereador Jo\u00e3o Alberto F. da Costa e aprovado pelo plen\u00e1rio.</p>\r\n<p>Em 1\u00aa discuss\u00e3o foram aprovados os Projetos de Lei Complementar 15, 16 e 17 e o Substitutivo ao Projeto de Lei 5391.</p>\r\n<p><b>EXPLICA\u00c7\u00c3O PESSOAL</b></p>\r\n<p>Inscrito em explica\u00e7\u00e3o pessoal, usou da palavra o vereador Denis Sanson (repasse de valores da C\u00e2mara ao Executivo).</p>\r\n<p><b>PALAVRA DO PRESIDENTE</b></p>\r\n<p>O presidente vereador Domingos Everaldo Kuhn, antes de encerrar a sess\u00e3o, discorreu sobre o pronunciamento em tribuna do Vereador Rog\u00e9rio Czelusniak, se comprometendo em encaminhar ao Poder Executivo a sua solicita\u00e7\u00e3o.</p>\r\n<p>Finalizando sua fala, lembrou que no dia 14/11, \u00e0s 14 horas, ter\u00e1 palestra da Escola do Legislativo, tendo como palestrante o vereador Marcos Ribas, com o tema \u201cDIREITO E DEMOCRACIA\u201d. <b>\u00a0</b></p>\r\n<p><b>\u00a0</b></p>\r\n<p><b>A pr\u00f3xima sess\u00e3o ordin\u00e1ria acontecer\u00e1 na ter\u00e7a-feira (19/11), no hor\u00e1rio regimental de 19 horas, sendo que todos ter\u00e3o acesso \u00e0 convoca\u00e7\u00e3o da Ordem do Dia no site oficial da C\u00e2mara Municipal (<a href=\"http://www.palmeira.pr.leg.br/\">www.palmeira.pr.leg.br</a>).</b></p>", "author_name": "mariane", "version": "1.0", "author_url": "https://www.palmeira.pr.leg.br/author/mariane", "provider_name": "C\u00e2mara Municipal de Palmeira", "type": "rich"}