{"provider_url": "https://www.palmeira.pr.leg.br", "title": "40\u00aa Sess\u00e3o Ordin\u00e1ria", "html": "<p>Nesta ter\u00e7a-feira (05/11) aconteceu na sede da C\u00e2mara Municipal de Palmeira, a quadrag\u00e9sima Sess\u00e3o Ordin\u00e1ria de 2019, tendo registrado a aus\u00eancia justificada do Vereador Marcos Ribas.</p>\r\n<p><b>EXPEDIENTE</b></p>\r\n<p>No expediente da Sess\u00e3o foram lidos 01 Requerimento, 01 Substitutivo e 02 Indica\u00e7\u00f5es.</p>\r\n<p><b>ORDEM DO DIA</b></p>\r\n<p>Em discuss\u00e3o \u00fanica foram aprovados os Requerimentos 833, 844/2019, e as Indica\u00e7\u00f5es 101 a 105/2019. Tamb\u00e9m foi aprovado a solicita\u00e7\u00e3o pelo Poder Executivo da retirada da pauta de vota\u00e7\u00f5es do Projeto de Lei 5257.</p>\r\n<p>Em 2\u00aa discuss\u00e3o foram aprovados os Projetos de Lei 5384, 5386, 5387 e 5388</p>\r\n<p>Em 1\u00aa discuss\u00e3o foram aprovados os Projetos de Lei 5390, 5392, 5393, 5394, 5395, 5396, 5397, 5398 e o Projeto de Resolu\u00e7\u00e3o 138.</p>\r\n<p><b>EXPLICA\u00c7\u00c3O PESSOAL</b></p>\r\n<p>Inscritos em explica\u00e7\u00e3o pessoal, usaram da palavra os Vereadores Anselmo H. Os\u00f3rio (dia do t\u00e9cnico agr\u00edcola) e Jo\u00e3o Alberto F. da Costa (dia da cultura).</p>\r\n<p><b>PALAVRA DO PRESIDENTE</b></p>\r\n<p>O presidente vereador Domingos Everaldo Kuhn, antes de encerrar a sess\u00e3o, comunicou aos vereadores a entrega da presta\u00e7\u00e3o de contas referente ao m\u00eas de outubro, e finalizando sua fala, convocou os senhores vereadores para Sess\u00e3o Extraordin\u00e1ria no dia 07/11 \u00e0s 16 horas para aprecia\u00e7\u00e3o, em 2\u00aa discuss\u00e3o, dos projetos de lei 5395, 5396 e 5398, os quais autorizam a abertura de cr\u00e9dito adicional suplementar e d\u00e1 outras provid\u00eancias.</p>\r\n<p>\u00a0</p>\r\n<p><b>A pr\u00f3xima sess\u00e3o ordin\u00e1ria estar\u00e1 acontecendo na ter\u00e7a-feira (12/11), no hor\u00e1rio regimental de 19 horas, sendo que todos ter\u00e3o acesso \u00e0 convoca\u00e7\u00e3o da Ordem do Dia no site oficial da C\u00e2mara Municipal (<a href=\"http://www.palmeira.pr.leg.br/\">www.palmeira.pr.leg.br</a>).</b></p>", "author_name": "mariane", "version": "1.0", "author_url": "https://www.palmeira.pr.leg.br/author/mariane", "provider_name": "C\u00e2mara Municipal de Palmeira", "type": "rich"}