{"provider_url": "https://www.palmeira.pr.leg.br", "title": "3\u00aa Sess\u00e3o Ordin\u00e1ria", "html": "<p>Nesta ter\u00e7a-feira (18/02) aconteceu na sede da C\u00e2mara Municipal de Palmeira, a terceira Sess\u00e3o Ordin\u00e1ria de 2020, tendo registrado a presen\u00e7a de todos os vereadores.</p>\r\n<p><b>EXPEDIENTE</b></p>\r\n<p>No expediente da Sess\u00e3o foram lidos 03 Projetos de Lei, 04 Projetos de Lei Complementar, 03 Requerimentos, 02 Indica\u00e7\u00f5es e 01 Mo\u00e7\u00e3o.</p>\r\n<p>Usou a tribuna para pronunciamento o vereador Jo\u00e3o Alberto F. da Costa (2020 \u2013 combust\u00edvel).</p>\r\n<p><b>ORDEM DO DIA</b></p>\r\n<p>Em discuss\u00e3o \u00fanica foram aprovados os Requerimentos 3, 10 e 11/2020.</p>\r\n<p>Em 2\u00aa discuss\u00e3o foram aprovados os Projetos de Lei 5435, 5436/2020 e os Substitutivos ao Projeto de Lei 5419 e 5422/2019</p>\r\n<p>Em 1\u00aa discuss\u00e3o foram aprovados os Projetos de Lei 5434, 5437, 5438, 5439, 5440 e 5441.</p>\r\n<p><b>EXPLICA\u00c7\u00c3O PESSOAL</b></p>\r\n<p>Inscritos em explica\u00e7\u00e3o pessoal, usaram da palavra os vereadores Denis Sanson (requerimentos) e Anselmo H. Os\u00f3rio (recursos para Palmeira \u2013 UBS Witmarsum).</p>\r\n<p><b>PALAVRA DO PRESIDENTE</b></p>\r\n<p>O presidente vereador Domingos Everaldo Kuhn, antes de encerrar a sess\u00e3o, discorreu sobre a fala em explica\u00e7\u00e3o pessoal do Vereador Denis Sanson, que comentou sobre requerimentos. \u00a0</p>\r\n<p>Ainda relembrou as trajet\u00f3rias dos cidad\u00e3os homenageados nos Projetos 5434 e 5437, dizendo que os mesmos contribu\u00edram gentilmente com a cidade por meio de seus trabalhos e a\u00e7\u00f5es.</p>\r\n<p>Tamb\u00e9m anunciou a entrega da presta\u00e7\u00e3o de contas do Poder Legislativo referente ao m\u00eas de janeiro/2020.</p>\r\n<p>Finalizando sua fala, comunicou que no dia 27 do corrente, \u00e0s 14 horas, ser\u00e1 realizada palestra da Escola do Legislativo com o tema \u201cRegimento Interno\u201d, e que neste mesmo dia \u00e0s 16:30 horas acontecer\u00e1 Audi\u00eancia P\u00fablica, oportunidade em que o Poder Executivo far\u00e1 a demonstra\u00e7\u00e3o e avalia\u00e7\u00e3o das Metas Fiscais do 3\u00ba Quadrimestre de 2019.</p>\r\n<p>\u00a0</p>\r\n<p><b>A pr\u00f3xima sess\u00e3o ordin\u00e1ria acontecer\u00e1 na quinta-feira (27/02), no hor\u00e1rio regimental de 19 horas, sendo que todos ter\u00e3o acesso \u00e0 convoca\u00e7\u00e3o da Ordem do Dia no site oficial da C\u00e2mara Municipal (<a href=\"http://www.palmeira.pr.leg.br/\">www.palmeira.pr.leg.br</a>).</b></p>", "author_name": "mariane", "version": "1.0", "author_url": "https://www.palmeira.pr.leg.br/author/mariane", "provider_name": "C\u00e2mara Municipal de Palmeira", "type": "rich"}