{"provider_url": "https://www.palmeira.pr.leg.br", "title": "2\u00aa Sess\u00e3o Ordin\u00e1ria", "html": "<p>Nesta ter\u00e7a-feira (11/02) aconteceu na sede da C\u00e2mara Municipal de Palmeira, a segunda Sess\u00e3o Ordin\u00e1ria de 2020, tendo registrado a presen\u00e7a de todos os vereadores.</p>\r\n<p><b>EXPEDIENTE</b></p>\r\n<p>No expediente da Sess\u00e3o foram lidos 04 Projetos de Lei e 07 Requerimentos.</p>\r\n<p>Usou a tribuna para pronunciamento o vereador Jo\u00e3o Alberto F. da Costa (tarifas e hospitais).</p>\r\n<p><b>ORDEM DO DIA</b></p>\r\n<p>Em discuss\u00e3o \u00fanica foram aprovados os Requerimentos 02, 04, 05, 06, 07, 08 e 09/2020.</p>\r\n<p>Em 1\u00aa discuss\u00e3o foram aprovados os Projetos de Lei 5435 e 5436/2020 e os Substitutivos aos Projetos de Lei 5419 e 5422/2020.</p>\r\n<p><b>EXPLICA\u00c7\u00c3O PESSOAL</b></p>\r\n<p>Inscritos em explica\u00e7\u00e3o pessoal, usaram da palavra os vereadores Denis Sanson (esclarecimentos), Gilmar Costa (ilumina\u00e7\u00e3o p\u00fablica), Jo\u00e3o Alberto F. da Costa (Projeto 5422) e Marcos Ribas (recursos Santa Casa e APAE).</p>\r\n<p><b>PALAVRA DO PRESIDENTE</b></p>\r\n<p>O presidente vereador Domingos Everaldo Kuhn, antes de encerrar a sess\u00e3o, discorreu sobre a fala do vereador Marcos Ribas em explica\u00e7\u00e3o pessoal.</p>\r\n<p>Disse estar triste com a situa\u00e7\u00e3o dif\u00edcil do Hospital Santa Casa, lembrando dos valores repassados pela c\u00e2mara no ano de 2018 e que foram importantes para a sobreviv\u00eancia daquela institui\u00e7\u00e3o at\u00e9 a presente data.</p>\r\n<p>Finalizando sua fala, disse ter tido contato com uma m\u00e3e de aluno da APAE, que relatou n\u00e3o saber o que seria sem a APAE e a sa\u00fade de Palmeira, dizendo que a APAE tem perto de 200 crian\u00e7as atendidas no munic\u00edpio de Palmeira.</p>\r\n<p><b>A pr\u00f3xima sess\u00e3o ordin\u00e1ria acontecer\u00e1 na ter\u00e7a-feira (18/02), no hor\u00e1rio regimental de 19 horas, sendo que todos ter\u00e3o acesso \u00e0 convoca\u00e7\u00e3o da Ordem do Dia no site oficial da C\u00e2mara Municipal (<a href=\"http://www.palmeira.pr.leg.br/\">www.palmeira.pr.leg.br</a>).</b></p>", "author_name": "mariane", "version": "1.0", "author_url": "https://www.palmeira.pr.leg.br/author/mariane", "provider_name": "C\u00e2mara Municipal de Palmeira", "type": "rich"}