{"provider_url": "https://www.palmeira.pr.leg.br", "title": "Comunicado", "html": "<p>Comunicamos que o <b>Projeto de Lei N\u00ba 5.445/2020</b> que Fixa o Subs\u00eddio do Prefeito Municipal de Palmeira, encontra-se nas Comiss\u00f5es Permanentes de Constitui\u00e7\u00e3o, Legisla\u00e7\u00e3o, Justi\u00e7a e Reda\u00e7\u00e3o, e de Economia, Or\u00e7amento, Finan\u00e7as e Fiscaliza\u00e7\u00e3o, e ainda n\u00e3o existe previs\u00e3o do mesmo ser apreciado e votado pelo plen\u00e1rio da C\u00e2mara Municipal de Palmeira.</p>\r\n<p><b>No site palmeira.pr.leg.br (mat\u00e9rias legislativas) todos tem acesso \u00e0 \u00edntegra dos Projeto de Lei, sua tramita\u00e7\u00e3o e a pauta da Ordem do Dia.</b></p>", "author_name": "mariane", "version": "1.0", "author_url": "https://www.palmeira.pr.leg.br/author/mariane", "provider_name": "C\u00e2mara Municipal de Palmeira", "type": "rich"}