{"provider_url": "https://www.palmeira.pr.leg.br", "title": "Comunicado de Recesso", "html": "<p>A C\u00e2mara Municipal de Palmeira comunica que adotar\u00e1 recesso de 23 a 31/12/2024, em conformidade com o disposto na Portaria n\u00ba 1.221/2024, que \u201cEstabelece orienta\u00e7\u00f5es acerca do recesso para comemora\u00e7\u00e3o das festas de final do ano no \u00e2mbito da C\u00e2mara Municipal de Palmeira\u201d, institu\u00eddo pelo Decreto Municipal n\u00ba 17.650 de 19/09/2024. </p>\r\n<p>Os trabalhos ser\u00e3o retomados na quinta-feira (02/01/2025).</p>\r\n<p>\u00a0</p>\r\n<p>\u00a0</p>", "author_name": "", "version": "1.0", "author_url": "https://www.palmeira.pr.leg.br/author/ivano", "provider_name": "C\u00e2mara Municipal de Palmeira", "type": "rich"}