{"provider_url": "https://www.palmeira.pr.leg.br", "title": "Comunicado de Ponto Facultativo", "html": "<p>A C\u00e2mara Municipal de Palmeira comunica que adotar\u00e1 ponto facultativo no dia 02/05/2025, no per\u00edodo integral, referente ao feriado do Dia do Trabalhador, em conformidade com o disposto na Portaria n\u00ba 1266/2025, que \u201cDisp\u00f5e sobre a aplica\u00e7\u00e3o do calend\u00e1rio de feriados e pontos facultativos do Munic\u00edpio de Palmeira, referente ao exerc\u00edcio de 2025, institu\u00eddo pelo Decreto Municipal n\u00ba 17.843/2024\u201d.</p>", "author_name": "", "version": "1.0", "author_url": "https://www.palmeira.pr.leg.br/author/ivano", "provider_name": "C\u00e2mara Municipal de Palmeira", "type": "rich"}