{"provider_url": "https://www.palmeira.pr.leg.br", "title": "9\u00aa Sess\u00e3o Ordin\u00e1ria", "html": "<p>Nesta ter\u00e7a-feira (09/06) aconteceu na sede da C\u00e2mara Municipal de Palmeira, a nona Sess\u00e3o Ordin\u00e1ria de 2020, tendo registrado a presen\u00e7a de todos os vereadores. </p>\r\n<p><b>EXPEDIENTE <br /></b></p>\r\n<p>No expediente da Sess\u00e3o foram lidos 15 Projetos de Lei, 01 Projeto de Lei Complementar, 01 Emenda, 01 Indica\u00e7\u00e3o e 01 Mo\u00e7\u00e3o.</p>\r\n<p>Usou a tribuna para pronunciamento o vereador Anselmo H. Os\u00f3rio (Coleta Recicl\u00e1vel).<b> <br /></b></p>\r\n<p><b>ORDEM DO DIA</b> </p>\r\n<p>N\u00e3o teve mat\u00e9rias na Ordem do Dia. </p>\r\n<p><b>EXPLICA\u00c7\u00c3O PESSOAL <br /></b></p>\r\n<p>Inscritos em explica\u00e7\u00e3o pessoal, usaram da palavra os vereadores Marcos Ribas (Administra\u00e7\u00e3o P\u00fablica) e Anselmo H. Os\u00f3rio (Conselho de Pastores e Obreiros de Palmeira). </p>\r\n<p><b>PALAVRA DO PRESIDENTE</b> </p>\r\n<p>O presidente vereador Domingos Everaldo Kuhn, antes de encerrar a sess\u00e3o, anunciou aos vereadores a disponibilidade da Presta\u00e7\u00e3o de Contas do Legislativo referente ao m\u00eas de maio/2020.</p>\r\n<p>Ainda discorreu sobre o pronunciamento do Vereador Anselmo que relembrou a quest\u00e3o do lixo no nosso munic\u00edpio.</p>\r\n<p>Finalizando sua fala, aconselhou os futuros candidatos a prefeito sobre a import\u00e2ncia do di\u00e1logo e continuidade nas realiza\u00e7\u00f5es das coisas boas para o bem do munic\u00edpio de Palmeira. </p>\r\n<p>\u00a0</p>\r\n<p><b>A pr\u00f3xima sess\u00e3o ordin\u00e1ria acontecer\u00e1 na ter\u00e7a-feira (16/06), no hor\u00e1rio regimental de 19 horas, sendo que todos ter\u00e3o acesso \u00e0 convoca\u00e7\u00e3o da Ordem do Dia no site oficial da C\u00e2mara Municipal (<a href=\"http://www.palmeira.pr.leg.br/\">www.palmeira.pr.leg.br</a>).</b></p>", "author_name": "", "version": "1.0", "author_url": "https://www.palmeira.pr.leg.br/author/ivano", "provider_name": "C\u00e2mara Municipal de Palmeira", "type": "rich"}