{"provider_url": "https://www.palmeira.pr.leg.br", "title": "7\u00aa Sess\u00e3o Ordin\u00e1ria", "html": "<p>Nesta ter\u00e7a-feira (19/03) aconteceu na sede da C\u00e2mara Municipal de Palmeira, a s\u00e9tima Sess\u00e3o Ordin\u00e1ria de 2024, tendo registrado a presen\u00e7a de todos os vereadores. </p>\r\n<p><b>EXPEDIENTE <br /></b></p>\r\n<p>No expediente da Sess\u00e3o foram lidos 01 Indica\u00e7\u00e3o, 02 Requerimentos, 01 Mo\u00e7\u00e3o, 01 Anteprojeto de Lei 05 Projetos de Lei.</p>\r\n<p>Usaram a tribuna para pronunciamentos os vereadores Joslei Sequineli (Agradecimento Deputado Estacho), Egon Krambeck (Seguran\u00e7a) e Marcel Pietralla (Pra\u00e7a do Rocio II).\u00a0 </p>\r\n<p><b>ORDEM DO DIA</b> </p>\r\n<p>Em discuss\u00e3o \u00fanica foram aprovadas a Indica\u00e7\u00e3o 17/2024 e os Requerimentos 5 a 7/2024.</p>\r\n<p>Em 2\u00aa discuss\u00e3o foram aprovados os Projetos de Lei 6250 ao 6254/2024.</p>\r\n<p>Em 1\u00aa discuss\u00e3o foram aprovados os Projetos de Lei 6255 ao 6257/2024. </p>\r\n<p><b>EXPLICA\u00c7\u00c3O PESSOAL <br /></b></p>\r\n<p>Inscritos em explica\u00e7\u00e3o pessoal, usaram da palavra os vereadores Lucas Santos (Procuradoria da Mulher) e Egon Krambeck (Manifestar). \u00a0 </p>\r\n<p><b>PALAVRA DO PRESIDENTE</b> </p>\r\n<p>O presidente vereador Odair Sanson J\u00fanior, antes de encerrar a sess\u00e3o, relatou reuni\u00e3o nessa data com servidores da Secretaria de Sa\u00fade, que prestaram contas das suas atividades.</p>\r\n<p>Comunicou visita junto com o vereador Joslei Sequineli ao Secret\u00e1rio de Estado do Trabalho e Deputado Estadual Mauro Moraes, j\u00e1 anunciando que o munic\u00edpio ser\u00e1 contemplado com duas carretas do conhecimento, que fornecer\u00e3o cursos para os interessados, e ainda a confirma\u00e7\u00e3o do envio de dois ve\u00edculos para utiliza\u00e7\u00e3o da Secretaria de Sa\u00fade. \u00a0</p>\r\n<p>Tamb\u00e9m destacou a posse dos novos integrantes do Programa Parlamento Jovem, agradecendo a todos os presentes e envolvidos.</p>\r\n<p>Lembrou da fala do vereador Egon Krambeck que salientou a inaugura\u00e7\u00e3o do sistema de monitoramento denominado Palmeira Segura, projeto ambicioso que trar\u00e1 seguran\u00e7a aos palmeirenses.</p>\r\n<p>Na sequ\u00eancia parabenizou a Luciana Turra e equipe feminina de Handebol pela conquista do Paran\u00e1 Handebol Cup.</p>\r\n<p>Encerrando sua fala, determinou o arquivamento do Anteprojeto de Lei 2/2024 conforme Artigo 17, par\u00e1grafo 3\u00ba, inciso II do Regimento Interno, convocou os vereadores para Sess\u00f5es de Julgamento, nos dias 2 e 9 de abril, \u00e0s 20 horas, para aprecia\u00e7\u00e3o em 1\u00aa e 2\u00aa discuss\u00e3o e vota\u00e7\u00e3o, respectivamente, do Projeto de Decreto Legislativo 719/2024, que \u201cAprova a Presta\u00e7\u00e3o de Contas do munic\u00edpio de Palmeira, relativas ao exerc\u00edcio de 2021, e comunicou que no dia 26 de mar\u00e7o, \u00e0s 18 horas, ser\u00e1 realizada palestra da Escola do Legislativo, sobre o tema \u201cConcidade \u2013 Conselho da Cidade de Palmeira\u201d, ministrada pelo atual presidente do conselho, senhor Ighor Alessandro Dombroski. </p>\r\n<p><b>A pr\u00f3xima sess\u00e3o ordin\u00e1ria acontecer\u00e1 na ter\u00e7a-feira (26/03), no hor\u00e1rio regimental de 19 horas, sendo que todos ter\u00e3o acesso \u00e0 convoca\u00e7\u00e3o da Ordem do Dia no site oficial da C\u00e2mara Municipal (</b><a href=\"http://www.palmeira.pr.leg.br/\"><b>www.palmeira.pr.leg.br</b></a><b>).</b></p>\r\n<p>\u00a0</p>", "author_name": "", "version": "1.0", "author_url": "https://www.palmeira.pr.leg.br/author/ivano", "provider_name": "C\u00e2mara Municipal de Palmeira", "type": "rich"}