{"provider_url": "https://www.palmeira.pr.leg.br", "title": "7\u00aa Sess\u00e3o Ordin\u00e1ria", "html": "<p>Nesta ter\u00e7a-feira (15/03) aconteceu na sede da C\u00e2mara Municipal de Palmeira, a s\u00e9tima Sess\u00e3o Ordin\u00e1ria de 2022, tendo registrado a aus\u00eancia do vereador Lucas Santos. </p>\r\n<p><b>EXPEDIENTE <br /></b></p>\r\n<p>No expediente da Sess\u00e3o foram lidos 05 Indica\u00e7\u00f5es, 03 Requerimentos e 15 Projetos de Lei.</p>\r\n<p>Usaram a tribuna para pronunciamentos os vereadores Rog\u00e9rio Czelusniak (Estrada), Vane (Estradas rurais) e Marcel Pietralla (Estradas rurais).<b> <br /></b></p>\r\n<p><b>ORDEM DO DIA</b> </p>\r\n<p>Em discuss\u00e3o \u00fanica foram aprovados os Requerimentos 17 e 18/2022, e as Indica\u00e7\u00f5es 28 a 35/2022.<b> <br /></b></p>\r\n<p><b>EXPLICA\u00c7\u00c3O PESSOAL <br /></b></p>\r\n<p>Inscritos em explica\u00e7\u00e3o pessoal, usaram da palavra os vereadores Joslei Sequineli (Reuni\u00e3o sobres estradas rurais e sa\u00fade) e Odair Sanson J\u00fanior (Indica\u00e7\u00e3o de emendas). \u00a0 </p>\r\n<p><b>PALAVRA DO PRESIDENTE</b> </p>\r\n<p>O presidente vereador Egon Krambeck, antes de encerrar a sess\u00e3o, parabenizou Eraldo Gillung da Cervejaria Natbier, que participou de concurso de cervejarias artesanais do Brasil, conseguindo duas medalhas representando nossa cidade, situa\u00e7\u00e3o essa que eleva o \u00e2nimo da nossa cidade.</p>\r\n<p>Tamb\u00e9m exaltou o nome do jovem Douglas Passoni que foi eleito para assumir cadeira na Academia de Letras dos Campos Gerais, assumindo a cadeira n\u00ba 8 cujo Patrono \u00e9 o Maestro Bento Mossurunga.</p>\r\n<p>Ainda apelou a todos os vereadores para se fazerem presentes na quinta feira (17/03), na 2\u00aa fase das elei\u00e7\u00f5es do Programa Parlamento Jovem 2022.</p>\r\n<p>Encerrando sua fala, parabenizou o vereador Joslei Sequineli pela iniciativa de reunir lideran\u00e7as do interior do nosso munic\u00edpio com o Prefeito Municipal para discorrer sobra a sa\u00fade e estradas rurais. </p>\r\n<p><b>A pr\u00f3xima sess\u00e3o ordin\u00e1ria acontecer\u00e1 na ter\u00e7a-feira (22/03), no hor\u00e1rio regimental de 19 horas, sendo que todos ter\u00e3o acesso \u00e0 convoca\u00e7\u00e3o da Ordem do Dia no site oficial da C\u00e2mara Municipal (</b><a href=\"http://www.palmeira.pr.leg.br/\"><b>www.palmeira.pr.leg.br</b></a><b>).</b></p>\r\n<p>\u00a0</p>", "author_name": "", "version": "1.0", "author_url": "https://www.palmeira.pr.leg.br/author/ivano", "provider_name": "C\u00e2mara Municipal de Palmeira", "type": "rich"}