{"provider_url": "https://www.palmeira.pr.leg.br", "title": "7\u00aa SESS\u00c3O ORDIN\u00c1RIA", "html": "<p>Nesta ter\u00e7a-feira (16/03) aconteceu na sede da C\u00e2mara Municipal de Palmeira, a s\u00e9tima Sess\u00e3o Ordin\u00e1ria de 2021, onde foi registrada a aus\u00eancia do Vereador Marcel Pietralla, o qual justificou sua aus\u00eancia.</p>\r\n<p>\u00a0</p>\r\n<p><b>EXPEDIENTE</b></p>\r\n<p><b>\u00a0</b></p>\r\n<p>No expediente da Sess\u00e3o foram lidos 05 Projetos de Lei, 02 Requerimentos, 06 Indica\u00e7\u00f5es e 01 Emenda Aditiva.</p>\r\n<p>Usou a tribuna para pronunciamento o Vereador Egon Krambeck com o assunto (Pandemia Comit\u00ea de Crise)</p>\r\n<p><b>\u00a0</b></p>\r\n<p><b>ORDEM DO DIA</b></p>\r\n<p>\u00a0</p>\r\n<p>Em discuss\u00e3o \u00fanica foram aprovados os Requerimentos 21, 22 e 23/2021, as Indica\u00e7\u00f5es 54 a 74/2021,</p>\r\n<p>Em 2\u00aa discuss\u00e3o foram aprovados os Projetos de Lei 5648, 5649, 5650 e 5651.</p>\r\n<p>Em 1\u00aa discuss\u00e3o foram aprovados os Projetos de Lei 5652, 5653 e 5654.</p>\r\n<p>\u00a0</p>\r\n<p><b>Hoje acontece Sess\u00e3o Extraordin\u00e1ria, convocada para aprecia\u00e7\u00e3o em 2\u00aa discuss\u00e3o o Projeto de Lei 5653, no hor\u00e1rio de 19 (dezenove) horas.</b></p>", "author_name": "", "version": "1.0", "author_url": "https://www.palmeira.pr.leg.br/author/cmpalmeira", "provider_name": "C\u00e2mara Municipal de Palmeira", "type": "rich"}