{"provider_url": "https://www.palmeira.pr.leg.br", "title": "6\u00aa Sess\u00e3o Ordin\u00e1ria", "html": "<p>Nesta ter\u00e7a-feira (11/03) aconteceu na sede da C\u00e2mara Municipal de Palmeira, a sexta Sess\u00e3o Ordin\u00e1ria de 2025, tendo registrado a presen\u00e7a de todos os vereadores. \u00a0 </p>\r\n<p><b>EXPEDIENTE <br /></b></p>\r\n<p>No expediente da Sess\u00e3o foram lidos 05 Projetos de Lei e 08 Indica\u00e7\u00f5es.<b> <br /></b></p>\r\n<p><b>ORDEM DO DIA</b> </p>\r\n<p>Em discuss\u00e3o \u00fanica foram aprovados as Indica\u00e7\u00f5es 67 a 73/2025, e a Emenda Aditiva ao Projeto de Lei 6425/2025.</p>\r\n<p>Em 2\u00aa Discuss\u00e3o foram aprovados o Projeto de Emenda a Lei Org\u00e2nica n\u00ba 30/2025 e os Projetos de Lei 6413/2025, 6414/2025, 6415/2025, 6416/2025, 6417/2025 e 6418/2025.</p>\r\n<p>Em 1\u00aa Discuss\u00e3o foram aprovados os Projetos de Lei 6419/2025, 6422/2025, 6423/2025 e 6425/2025.\u00a0 </p>\r\n<p><b>EXPLICA\u00c7\u00c3O PESSOAL <br /></b></p>\r\n<p>Inscritos em explica\u00e7\u00e3o pessoal, usaram da palavra os vereadores Vane (Parab\u00e9ns \u2013 Secretaria de Sa\u00fade), Sargento Gaio (Agradecimentos) e Fabiola Mereles (Mar\u00e7o Mulher). \u00a0\u00a0 </p>\r\n<p><b>PALAVRA DO PRESIDENTE</b> </p>\r\n<p>O presidente vereador Diego Zanetti, antes de encerrar a sess\u00e3o, lembrou os vereadores que na quinta-feira (13/03/2025), \u00e0s 14 horas, estar\u00e1 sendo realizada, a segunda fase da elei\u00e7\u00e3o do Parlamento Jovem 2025.</p>\r\n<p>Tamb\u00e9m convocou os senhores vereadores para Sess\u00e3o Extraordin\u00e1ria, no dia 13 de mar\u00e7o, \u00e0s 19 horas, para aprecia\u00e7\u00e3o, em 1\u00aa discuss\u00e3o e vota\u00e7\u00e3o, do Projeto de Lei 6430/2025, que \u201cAutoriza o Poder Executivo a proceder, mediante termo de colabora\u00e7\u00e3o, a cess\u00e3o tempor\u00e1ria de equipamentos \u00e0 organiza\u00e7\u00e3o da sociedade civil que especifica\u201d, e solicitou \u00e0s comiss\u00f5es a gentileza de emitirem os devidos pareceres em tempo h\u00e1bil para a realiza\u00e7\u00e3o da mesma.</p>\r\n<p>Ainda em sua fala, disse esperar que o trabalho dos Poderes Executivo e Legislativo continuem em harmonia, dizendo agradecer todos por isso, e que nesse dia esteve em Curitiba, juntamente com o Prefeito Altamir Sanson, onde foram no gabinete do Deputado Alexandre Amaro, e agradeceu pelo recurso disponibilizado por interm\u00e9dio do Vereador Sargento Gaio, de 100 mil reais para o Col\u00e9gio Dom Alberto Gon\u00e7alves, e que no mesmo momento, o mesmo deputado disponibilizou 35 mil reais para castra\u00e7\u00e3o de pets.</p>\r\n<p>Tamb\u00e9m ressaltou que estiveram no gabinete do Deputado Alissom Wandscheer e 100 mil foi disponibilizado para a realiza\u00e7\u00e3o da Expo Palmeira, recurso esse que j\u00e1 est\u00e1 na conta, e 100 mil j\u00e1 na conta da Escola Estadual do Campo Fl\u00e1vio Santos de Faxinal dos Quartins, para melhorias na escola.</p>\r\n<p>Disse ter sido um dia bem produtivo, onde tamb\u00e9m recebeu convite do Governo do Estado para que junto com o prefeito municipal participem de evento na pr\u00f3xima quinta-feira em Foz do Igua\u00e7u, cerim\u00f4nia de an\u00fancios de investimentos na \u00e1rea da sa\u00fade do Estado do Paran\u00e1.</p>\r\n<p>Encerrando sua fala, disse estar grato com o momento e que todos unidos, poderes Executivo e Legislativo, todos trabalhando em harmonia, quem dever\u00e1 ganhar \u00e9 o povo palmeirense, devendo todos continuar nessa batida e que em quatro anos ir\u00e3o levar Palmeira a ser uma das melhores cidades para se viver. </p>\r\n<p><b>A pr\u00f3xima sess\u00e3o ordin\u00e1ria acontecer\u00e1 na ter\u00e7a-feira (18/03), no hor\u00e1rio regimental de 19 horas, sendo que todos ter\u00e3o acesso \u00e0 convoca\u00e7\u00e3o da Ordem do Dia no site oficial da C\u00e2mara Municipal (<a href=\"http://www.palmeira.pr.leg.br/\">www.palmeira.pr.leg.br</a>).</b></p>", "author_name": "", "version": "1.0", "author_url": "https://www.palmeira.pr.leg.br/author/ivano", "provider_name": "C\u00e2mara Municipal de Palmeira", "type": "rich"}