{"provider_url": "https://www.palmeira.pr.leg.br", "title": "6\u00aa Sess\u00e3o Ordin\u00e1ria", "html": "<p>Nesta ter\u00e7a-feira (12/03) aconteceu na sede da C\u00e2mara Municipal de Palmeira, a sexta Sess\u00e3o Ordin\u00e1ria de 2024, tendo registrado a aus\u00eancia do vereador Lucas Santos. </p>\r\n<p><b>EXPEDIENTE <br /></b></p>\r\n<p>No expediente da Sess\u00e3o foram lidos 01 Indica\u00e7\u00e3o, 02 Requerimentos, 01 Mo\u00e7\u00e3o, 01 Projeto de Decreto Legislativo e 03 Projetos de Lei.</p>\r\n<p>Usaram a tribuna para pronunciamentos os vereadores Vaguinho (Recursos para Escola), Vane (Recursos para AMB) e Marcel Pietralla (Parque de Exposi\u00e7\u00f5es - Rodeio). \u00a0\u00a0 </p>\r\n<p><b>ORDEM DO DIA</b> </p>\r\n<p>Em discuss\u00e3o \u00fanica foram aprovadas as Indica\u00e7\u00f5es 14 a 16/2024.</p>\r\n<p>Em 2\u00aa discuss\u00e3o foram aprovados os Projetos de Lei 6242 ao 6249/2024, e o Projeto de Lei Complementar 46/2024.</p>\r\n<p>Em 1\u00aa discuss\u00e3o foram aprovados os Projetos de Lei 6250 ao 6254/2024. </p>\r\n<p><b>EXPLICA\u00c7\u00c3O PESSOAL <br /></b></p>\r\n<p>Inscrito em explica\u00e7\u00e3o pessoal, usou da palavra o vereador Vane (SIM Sa\u00fade \u2013 aumento consider\u00e1vel no atendimento). </p>\r\n<p><b>PALAVRA DO PRESIDENTE</b> </p>\r\n<p>O presidente vereador Odair Sanson J\u00fanior, antes de encerrar a sess\u00e3o, lembrou os demais vereadores que na quinta-feira, dia 14, \u00e0s 14 horas, ser\u00e1 realizada na C\u00e2mara Municipal a 2\u00aa fase das elei\u00e7\u00f5es do Programa Parlamento Jovem \u2013 Edi\u00e7\u00e3o 2024.</p>\r\n<p>Na sequ\u00eancia parabenizou a Procuradora Adjunta Vanessa Albano e o Procurador Chefe Lucas Santos da Procuradoria da Mulher pelo lan\u00e7amento do Projeto Semear que ocorreu em Witmarsum no \u00faltimo dia 08 de mar\u00e7o.</p>\r\n<p>Tamb\u00e9m agradeceu aos vereadores que assinaram a Mo\u00e7\u00e3o de Aplausos \u00e0 Equipe de Handebol Feminino Sub 13 de Palmeira e \u00e0 sua treinadora Luciana Turra, pela disputa e conquista de Campe\u00e3 invicta do Paran\u00e1 Handebol Cup, disputado no Munic\u00edpio de Goioer\u00ea entre os dias 08 a 10 de mar\u00e7o de 2024.</p>\r\n<p>Encerrando sua fala, comunicou a disponibiliza\u00e7\u00e3o da Presta\u00e7\u00e3o de Contas do Legislativo referente ao m\u00eas de fevereiro de 2024. </p>\r\n<p><b>A pr\u00f3xima sess\u00e3o ordin\u00e1ria acontecer\u00e1 na ter\u00e7a-feira (19/03), no hor\u00e1rio regimental de 19 horas, sendo que todos ter\u00e3o acesso \u00e0 convoca\u00e7\u00e3o da Ordem do Dia no site oficial da C\u00e2mara Municipal (</b><a href=\"http://www.palmeira.pr.leg.br/\"><b>www.palmeira.pr.leg.br</b></a><b>).</b></p>", "author_name": "", "version": "1.0", "author_url": "https://www.palmeira.pr.leg.br/author/ivano", "provider_name": "C\u00e2mara Municipal de Palmeira", "type": "rich"}