{"provider_url": "https://www.palmeira.pr.leg.br", "title": "5\u00aa Sess\u00e3o Ordin\u00e1ria", "html": "<p>Nesta quarta-feira (05/03) aconteceu na sede da C\u00e2mara Municipal de Palmeira, a quinta Sess\u00e3o Ordin\u00e1ria de 2025, tendo registrado a aus\u00eancia do vereador Gilmar Costa. \u00a0 </p>\r\n<p><b>EXPEDIENTE <br /></b></p>\r\n<p>No expediente da Sess\u00e3o foram lidos 01 Projeto de Lei, 01 Projeto de Resolu\u00e7\u00e3o, 01 Requerimento e 07 Indica\u00e7\u00f5es.</p>\r\n<p>Usou a tribuna para pronunciamento o vereador Lucas Santos (pronunciamento). \u00a0\u00a0\u00a0<b> <br /></b></p>\r\n<p><b>ORDEM DO DIA</b> </p>\r\n<p>Em discuss\u00e3o \u00fanica foram aprovados o Requerimentos 8/2025, e as Indica\u00e7\u00f5es 59 a 66/2025.</p>\r\n<p>Em 2\u00aa Discuss\u00e3o foram aprovados os Projetos de Lei 6407/2025, 6408/2025, 6409/2025, 6410/2025, 6411/2025, 6412/2025, 6420/2025 Substitutivo, 6421/2025 e 6424/2025.</p>\r\n<p>Em 1\u00aa Discuss\u00e3o foram aprovados os Projeto de Lei 6413/2025, 6414/2025, 6415/2025, 6416/2025, 6417/2025 e 6418/2025. \u00a0 </p>\r\n<p><b>EXPLICA\u00c7\u00c3O PESSOAL <br /></b></p>\r\n<p>Inscritos em explica\u00e7\u00e3o pessoal, usaram da palavra os vereadores Joslei Sequineli (Agradecimento Deputado Mauro Moraes), Sargento Gaio (Banda da PM-PR \u2013 agradecimentos), Vane (Pagamento das bolsas aos estagi\u00e1rios) e Irm\u00e3o Fabiano (Agradecimento). \u00a0\u00a0\u00a0 </p>\r\n<p><b>PALAVRA DO PRESIDENTE</b> </p>\r\n<p>O presidente vereador Diego Zanetti, antes de encerrar a sess\u00e3o, comunicou que conforme o artigo 76 do Regimento Interno, a Sess\u00e3o Ordin\u00e1ria do dia 25/03/2025 ser\u00e1 <b>ITINERANTE</b> no barrac\u00e3o da igreja da comunidade de Pinheiral de Baixo, no hor\u00e1rio de 19 horas, e solicitou \u00e0 dire\u00e7\u00e3o deste legislativo as provid\u00eancias necess\u00e1rias para a sua realiza\u00e7\u00e3o.</p>\r\n<p>Na sequ\u00eancia tamb\u00e9m agradeceu a todos, e ainda parabenizou o vereador Vane por ter assumido a fun\u00e7\u00e3o de porta voz do Poder Executivo com essa C\u00e2mara Municipal, dizendo ter a certeza que isso vai somar junto com todos os amigos do legislativo.</p>\r\n<p>Finalizando sua fala, disse esperar que continue assim, da mesma forma que o Prefeito e vice tem portas abertas para todos os vereadores, assim tamb\u00e9m tem nove vereadores de bra\u00e7os abertos \u00e0 disposi\u00e7\u00e3o e trabalhando pelo povo, e que continue essa harmonia. </p>\r\n<p><b>A pr\u00f3xima sess\u00e3o ordin\u00e1ria acontecer\u00e1 na ter\u00e7a-feira (11/03), no hor\u00e1rio regimental de 19 horas, sendo que todos ter\u00e3o acesso \u00e0 convoca\u00e7\u00e3o da Ordem do Dia no site oficial da C\u00e2mara Municipal (<a href=\"http://www.palmeira.pr.leg.br/\">www.palmeira.pr.leg.br</a>).</b></p>", "author_name": "", "version": "1.0", "author_url": "https://www.palmeira.pr.leg.br/author/ivano", "provider_name": "C\u00e2mara Municipal de Palmeira", "type": "rich"}