{"provider_url": "https://www.palmeira.pr.leg.br", "title": "4\u00aa Sess\u00e3o Ordin\u00e1ria", "html": "<p>Nesta ter\u00e7a-feira (25/02) aconteceu na sede da C\u00e2mara Municipal de Palmeira, a quarta Sess\u00e3o Ordin\u00e1ria de 2025, tendo registrado a presen\u00e7a de todos os vereadores. </p>\r\n<p><b>EXPEDIENTE <br /></b></p>\r\n<p>No expediente da Sess\u00e3o foram lidos 05 Projetos de Lei, 01 Requerimento e 08 Indica\u00e7\u00f5es.</p>\r\n<p>Usaram a tribuna para pronunciamentos a vereadora Fabiola Mereles (Assuntos diversos), e os vereadores Sargento Gaio (Reuni\u00e3o p\u00fablica) e Vane (Recursos).<b> <br /></b></p>\r\n<p><b>ORDEM DO DIA</b> </p>\r\n<p>Em discuss\u00e3o \u00fanica foram aprovadas os Requerimentos 4 a 7/2025, e as Indica\u00e7\u00f5es 41 a 58/2025.</p>\r\n<p>Em 2\u00aa Discuss\u00e3o foram aprovados o Projeto de Lei 6406/2025 e o Projeto de Resolu\u00e7\u00e3o 172/2025.</p>\r\n<p>Em 1\u00aa Discuss\u00e3o foram aprovados os Projeto de Lei 6407/2025, 6408/2025, 6409/2025, 6410/2025, 6412/2025, e o Projeto de Emenda a Lei Org\u00e2nica 30/2025. </p>\r\n<p><b>EXPLICA\u00c7\u00c3O PESSOAL <br /></b></p>\r\n<p>Inscrito em explica\u00e7\u00e3o pessoal, usou da palavra o vereador Vane (Lideran\u00e7a do Governo).\u00a0 </p>\r\n<p><b>PALAVRA DO PRESIDENTE</b> </p>\r\n<p>O presidente vereador Diego Zanetti, antes de encerrar a sess\u00e3o, convocou os vereadores para Sess\u00e3o Extraordin\u00e1ria, no dia 27 de fevereiro de 2025, \u00e0s 19 horas, para 1\u00aa discuss\u00e3o e vota\u00e7\u00e3o dos Projetos de Lei 6411/2025, 6420/2025 Substitutivo, 6421/2025 e 6424/2025, solicitando ainda \u00e0s comiss\u00f5es permanentes da C\u00e2mara Municipal a gentileza de emitirem os devidos pareceres em tempo h\u00e1bil para a realiza\u00e7\u00e3o da mesma. </p>\r\n<p><b>A pr\u00f3xima sess\u00e3o ordin\u00e1ria acontecer\u00e1 na quarta-feira (05/03), no hor\u00e1rio regimental de 19 horas, sendo que todos ter\u00e3o acesso \u00e0 convoca\u00e7\u00e3o da Ordem do Dia no site oficial da C\u00e2mara Municipal (<a href=\"http://www.palmeira.pr.leg.br/\">www.palmeira.pr.leg.br</a>).</b></p>", "author_name": "", "version": "1.0", "author_url": "https://www.palmeira.pr.leg.br/author/ivano", "provider_name": "C\u00e2mara Municipal de Palmeira", "type": "rich"}